{"id":46783,"date":"2022-02-25T23:21:52","date_gmt":"2022-02-26T05:21:52","guid":{"rendered":"https:\/\/elreporterohgo.com\/noticias\/?p=46783"},"modified":"2022-02-25T23:21:54","modified_gmt":"2022-02-26T05:21:54","slug":"sabes-cual-es-el-primer-sintoma-que-aparece-y-por-el-cual-te-debes-aislar","status":"publish","type":"post","link":"https:\/\/elreporterohgo.com\/noticias\/2022\/02\/25\/sabes-cual-es-el-primer-sintoma-que-aparece-y-por-el-cual-te-debes-aislar\/","title":{"rendered":"\u00bfSabes cu\u00e1l es el primer s\u00edntoma que aparece y por el cual te debes aislar?"},"content":{"rendered":"\n<p>La variante&nbsp;<strong>de COVID \u00f3micron apareci\u00f3 en 2021<\/strong>&nbsp;y desde entonces h<strong>a acelerado los contagios debido a su alta transmisibilidad.&nbsp;<\/strong>Sobre los primeros s\u00edntomas de la enfermedad se ha dicho que puede ser fiebre y escurrimiento nasal. Sin embargo, autoridades sanitarias ya confirmaron cu\u00e1les son:&nbsp;<strong>dolor de garganta, tos y voz ronca.<\/strong><\/p>\n\n\n\n<p>Seg\u00fan especialistas estadounidenses del Centro para el Control y la Prevenci\u00f3n de Enfermedades (CDC), el<strong>&nbsp;primer s\u00edntoma es dolor de garganta.<\/strong><\/p>\n\n\n\n<p>Adem\u00e1s,&nbsp;<strong>las autoridades sanitarias mexicanas agregan ronquera y tos como primeros signos de \u00f3micron en los organismos.&nbsp;<\/strong>Por ello, recomend\u00f3 que a la m\u00ednima molestia se a\u00edslen para evitar contagios.<a href=\"https:s:\/\/www.elfinanciero.com.mx\/salud\/2022\/01\/15\/omicron-entra-y-sale-rapido-infectados-deben-aislarse-menos-de-7-dias-infectologo\/\"><\/a><\/p>\n\n\n\n<p>\u201cLa enorme mayor\u00eda tienen un cuadro cl\u00ednico leve, con ronquera, algunos pueden tener fiebre, con tos seca, pero no con da\u00f1o pulmonar que les haga llegar al hospital\u201d, explic\u00f3 en conferencia de prensa.<\/p>\n\n\n\n<p>Otro s\u00edntomas que se presentan con la variante \u00f3micron de COVID son:<\/p>\n\n\n\n<p>-Cansancio.<a href=\"https:s:\/\/www.elfinanciero.com.mx\/salud\/2022\/01\/14\/salud-se-adapta-a-omicron-reconversion-hospitalaria-se-hara-asi-por-la-variante\/\"><\/a><\/p>\n\n\n\n<p>-Dolor de cabeza.<\/p>\n\n\n\n<p>-Escurrimiento nasal y estornudos.<\/p>\n\n\n\n<p>-Sudoraci\u00f3n nocturna.<\/p>\n\n\n\n<p>-Confusi\u00f3n mental.<\/p>\n\n\n\n<p>-P\u00e9rdida del apetito.<\/p>\n\n\n\n<figure class=\"wp-block-image\"><img fetchpriority=\"high\" decoding=\"async\" width=\"575\" height=\"1024\" src=\"https::\/\/elreporterohgo.com\/noticias\/wp-content\/uploads\/2022\/02\/WhatsApp-Image-2022-02-04-at-9.56.01-PM-3-1-575x1024.jpeg\" alt=\"\" class=\"wp-image-46784\" srcset=\"https:\/\/elreporterohgo.com\/noticias\/wp-content\/uploads\/2022\/02\/WhatsApp-Image-2022-02-04-at-9.56.01-PM-3-1-575x1024.jpeg 575w, https:\/\/elreporterohgo.com\/noticias\/wp-content\/uploads\/2022\/02\/WhatsApp-Image-2022-02-04-at-9.56.01-PM-3-1-169x300.jpeg 169w, https:\/\/elreporterohgo.com\/noticias\/wp-content\/uploads\/2022\/02\/WhatsApp-Image-2022-02-04-at-9.56.01-PM-3-1.jpeg 719w\" sizes=\"(max-width: 575px) 100vw, 575px\" \/><\/figure>\n","protected":false},"excerpt":{"rendered":"<p>La variante&nbsp;de COVID \u00f3micron apareci\u00f3 en 2021&nbsp;y desde entonces ha acelerado los contagios debido a su alta transmisibilidad.&nbsp;Sobre los primeros s\u00edntomas de la enfermedad se ha dicho que puede ser fiebre y escurrimiento nasal. Sin embargo, autoridades sanitarias ya confirmaron cu\u00e1les son:&nbsp;dolor de garganta, tos y voz ronca. Seg\u00fan especialistas estadounidenses del Centro para el<\/p>\n","protected":false},"author":2,"featured_media":46784,"comment_status":"open","ping_status":"closed","sticky":false,"template":"","format":"standard","meta":{"footnotes":""},"categories":[10],"tags":[],"class_list":{"0":"post-46783","1":"post","2":"type-post","3":"status-publish","4":"format-standard","5":"has-post-thumbnail","7":"category-hidalgo"},"_links":{"self":[{"href":"https:\/\/elreporterohgo.com\/noticias\/wp-json\/wp\/v2\/posts\/46783","targetHints":{"allow":["GET"]}}],"collection":[{"href":"https:\/\/elreporterohgo.com\/noticias\/wp-json\/wp\/v2\/posts"}],"about":[{"href":"https:\/\/elreporterohgo.com\/noticias\/wp-json\/wp\/v2\/types\/post"}],"author":[{"embeddable":true,"href":"https:\/\/elreporterohgo.com\/noticias\/wp-json\/wp\/v2\/users\/2"}],"replies":[{"embeddable":true,"href":"https:\/\/elreporterohgo.com\/noticias\/wp-json\/wp\/v2\/comments?post=46783"}],"version-history":[{"count":1,"href":"https:\/\/elreporterohgo.com\/noticias\/wp-json\/wp\/v2\/posts\/46783\/revisions"}],"predecessor-version":[{"id":46785,"href":"https:\/\/elreporterohgo.com\/noticias\/wp-json\/wp\/v2\/posts\/46783\/revisions\/46785"}],"wp:featuredmedia":[{"embeddable":true,"href":"https:\/\/elreporterohgo.com\/noticias\/wp-json\/wp\/v2\/media\/46784"}],"wp:attachment":[{"href":"https:\/\/elreporterohgo.com\/noticias\/wp-json\/wp\/v2\/media?parent=46783"}],"wp:term":[{"taxonomy":"category","embeddable":true,"href":"https:\/\/elreporterohgo.com\/noticias\/wp-json\/wp\/v2\/categories?post=46783"},{"taxonomy":"post_tag","embeddable":true,"href":"https:\/\/elreporterohgo.com\/noticias\/wp-json\/wp\/v2\/tags?post=46783"}],"curies":[{"name":"wp","href":"https:\/\/api.w.org\/{rel}","templated":true}]}}