{"id":46771,"date":"2022-02-25T05:52:58","date_gmt":"2022-02-25T11:52:58","guid":{"rendered":"https:\/\/elreporterohgo.com\/noticias\/?p=46771"},"modified":"2022-02-25T05:52:59","modified_gmt":"2022-02-25T11:52:59","slug":"puesto-tras-las-rejas-por-violacion","status":"publish","type":"post","link":"https:\/\/elreporterohgo.com\/noticias\/2022\/02\/25\/puesto-tras-las-rejas-por-violacion\/","title":{"rendered":"Puesto tras las rejas por violaci\u00f3n"},"content":{"rendered":"\n<figure class=\"wp-block-image\"><img fetchpriority=\"high\" decoding=\"async\" width=\"359\" height=\"233\" src=\"https::\/\/elreporterohgo.com\/noticias\/wp-content\/uploads\/2022\/02\/safe_image-2-1-1.jpg\" alt=\"\" class=\"wp-image-46772\" srcset=\"https:\/\/elreporterohgo.com\/noticias\/wp-content\/uploads\/2022\/02\/safe_image-2-1-1.jpg 359w, https:\/\/elreporterohgo.com\/noticias\/wp-content\/uploads\/2022\/02\/safe_image-2-1-1-300x195.jpg 300w\" sizes=\"(max-width: 359px) 100vw, 359px\" \/><\/figure>\n\n\n\n<p><strong>Tras recibir la denuncia, la PGJEH investiga a una persona en\nTula de Allende, por violencia familiar equiparada, violaci\u00f3n equiparada\nagravada y violaci\u00f3n<\/strong><\/p>\n\n\n\n<p>La Procuradur\u00eda General de\nJusticia del Estado de Hidalgo (PGJEH) a trav\u00e9s de la Subprocuradur\u00eda de\ndelitos de g\u00e9nero, desaparici\u00f3n de personas e impacto social, obtuvo de un juez\npenal, la vinculaci\u00f3n a proceso para una persona por su probable\nresponsabilidad en violencia familiar equiparada, violaci\u00f3n equiparada agravada\ny violaci\u00f3n.<\/p>\n\n\n\n<p>Los hechos por los que una\npersona identificada como Jos\u00e9 Manuel \u201cN\u201d es investigada, ocurrieron en Tula de\nAllende cuando una persona del sexo femenino fue agredida sexualmente en\ndiversas ocasiones. <\/p>\n\n\n\n<p>Ante las constantes\namenazas que recibi\u00f3 la agraviada y luego de ser agredida, acudi\u00f3 ante la\nFiscal\u00eda de delitos sexuales y contra la familia para realizar su denuncia, por\nlo que se inici\u00f3 la carpeta de investigaci\u00f3n correspondiente.<\/p>\n\n\n\n<p>A trav\u00e9s de un equipo\nmultidisciplinario la PGJEH brind\u00f3 atenci\u00f3n integral a la v\u00edctima, y un agente\ndel Ministerio P\u00fablico dirigi\u00f3 las investigaciones mediante las que se alleg\u00f3\nde datos de prueba contra Jos\u00e9 Manuel \u201cN\u201d.<\/p>\n\n\n\n<p>Durante la continuaci\u00f3n de\nla audiencia inicial, el agente representante del Ministerio P\u00fablico expuso\nante un juez de control los datos de prueba recabados, mismos que la autoridad\njudicial consider\u00f3 suficientes, motivo por el que dict\u00f3 la vinculaci\u00f3n a\nproceso del imputado.<\/p>\n\n\n\n<p>El plazo para concluir la\ninvestigaci\u00f3n complementaria es de tres meses, mientras tanto el&nbsp; imputado permanece en prisi\u00f3n preventiva\noficiosa.<\/p>\n","protected":false},"excerpt":{"rendered":"<p>Tras recibir la denuncia, la PGJEH investiga a una persona en Tula de Allende, por violencia familiar equiparada, violaci\u00f3n equiparada agravada y violaci\u00f3n La Procuradur\u00eda General de Justicia del Estado de Hidalgo (PGJEH) a trav\u00e9s de la Subprocuradur\u00eda de delitos de g\u00e9nero, desaparici\u00f3n de personas e impacto social, obtuvo de un juez penal, la vinculaci\u00f3n<\/p>\n","protected":false},"author":2,"featured_media":46772,"comment_status":"open","ping_status":"closed","sticky":false,"template":"","format":"standard","meta":{"footnotes":""},"categories":[10],"tags":[],"class_list":{"0":"post-46771","1":"post","2":"type-post","3":"status-publish","4":"format-standard","5":"has-post-thumbnail","7":"category-hidalgo"},"_links":{"self":[{"href":"https:\/\/elreporterohgo.com\/noticias\/wp-json\/wp\/v2\/posts\/46771","targetHints":{"allow":["GET"]}}],"collection":[{"href":"https:\/\/elreporterohgo.com\/noticias\/wp-json\/wp\/v2\/posts"}],"about":[{"href":"https:\/\/elreporterohgo.com\/noticias\/wp-json\/wp\/v2\/types\/post"}],"author":[{"embeddable":true,"href":"https:\/\/elreporterohgo.com\/noticias\/wp-json\/wp\/v2\/users\/2"}],"replies":[{"embeddable":true,"href":"https:\/\/elreporterohgo.com\/noticias\/wp-json\/wp\/v2\/comments?post=46771"}],"version-history":[{"count":1,"href":"https:\/\/elreporterohgo.com\/noticias\/wp-json\/wp\/v2\/posts\/46771\/revisions"}],"predecessor-version":[{"id":46773,"href":"https:\/\/elreporterohgo.com\/noticias\/wp-json\/wp\/v2\/posts\/46771\/revisions\/46773"}],"wp:featuredmedia":[{"embeddable":true,"href":"https:\/\/elreporterohgo.com\/noticias\/wp-json\/wp\/v2\/media\/46772"}],"wp:attachment":[{"href":"https:\/\/elreporterohgo.com\/noticias\/wp-json\/wp\/v2\/media?parent=46771"}],"wp:term":[{"taxonomy":"category","embeddable":true,"href":"https:\/\/elreporterohgo.com\/noticias\/wp-json\/wp\/v2\/categories?post=46771"},{"taxonomy":"post_tag","embeddable":true,"href":"https:\/\/elreporterohgo.com\/noticias\/wp-json\/wp\/v2\/tags?post=46771"}],"curies":[{"name":"wp","href":"https:\/\/api.w.org\/{rel}","templated":true}]}}