{"id":46767,"date":"2022-02-25T05:45:41","date_gmt":"2022-02-25T11:45:41","guid":{"rendered":"https:\/\/elreporterohgo.com\/noticias\/?p=46767"},"modified":"2022-02-25T05:45:42","modified_gmt":"2022-02-25T11:45:42","slug":"conmemoraron-el-dia-de-la-bandera","status":"publish","type":"post","link":"https:\/\/elreporterohgo.com\/noticias\/2022\/02\/25\/conmemoraron-el-dia-de-la-bandera\/","title":{"rendered":"Conmemoraron el D\u00eda de la Bandera"},"content":{"rendered":"\n<figure class=\"wp-block-image\"><img fetchpriority=\"high\" decoding=\"async\" width=\"1024\" height=\"663\" src=\"https::\/\/elreporterohgo.com\/noticias\/wp-content\/uploads\/2022\/02\/unnamed-2022-02-25T054324.157-1024x663.jpg\" alt=\"\" class=\"wp-image-46768\" srcset=\"https:\/\/elreporterohgo.com\/noticias\/wp-content\/uploads\/2022\/02\/unnamed-2022-02-25T054324.157-1024x663.jpg 1024w, https:\/\/elreporterohgo.com\/noticias\/wp-content\/uploads\/2022\/02\/unnamed-2022-02-25T054324.157-300x194.jpg 300w, https:\/\/elreporterohgo.com\/noticias\/wp-content\/uploads\/2022\/02\/unnamed-2022-02-25T054324.157-768x497.jpg 768w\" sizes=\"(max-width: 1024px) 100vw, 1024px\" \/><\/figure>\n\n\n\n<p>TARJETA\nINFORMATIVA<\/p>\n\n\n\n<ul class=\"wp-block-list\"><li>Pachuca de Soto, Hidalgo.- Servidores\np\u00fablicos de los tres \u00f3rdenes de gobierno conmemoraron el D\u00eda de la Bandera en\nla explanada de la Plaza Ju\u00e1rez de la ciudad de Pachuca de Soto.<\/li><\/ul>\n\n\n\n<ul class=\"wp-block-list\"><li>En el desarrollo de la ceremonia se llev\u00f3 a\ncabo el izamiento de bandera correspondiente, as\u00ed como los honores a la Bandera\nNacional y entonaci\u00f3n del Himno Nacional Mexicano.<\/li><\/ul>\n\n\n\n<ul class=\"wp-block-list\"><li>El titular de la Secretar\u00eda de Gobierno\nestatal, pronunci\u00f3 el discurso oficial en el cual record\u00f3 las etapas hist\u00f3ricas\ndel l\u00e1baro patrio y foment\u00f3 el respeto a los s\u00edmbolos nacionales.<\/li><\/ul>\n\n\n\n<ul class=\"wp-block-list\"><li>As\u00ed mismo, un soldado del ej\u00e9rcito mexicano,\nperteneciente a la 18\u00aa Zona Militar, recit\u00f3 <em>Poes\u00eda a la Bandera Nacional<\/em>.<\/li><\/ul>\n\n\n\n<ul class=\"wp-block-list\"><li>Al t\u00e9rmino del acto protocolario y en el marco de su 121\u00b0 aniversario, titulares del gabinete estatal entregaron un reconocimiento a la Banda Sinf\u00f3nica del Estado de Hidalgo que ameniz\u00f3 la ceremonia con el canto <em>Pabell\u00f3n Tricolor<\/em>.<\/li><li><\/li><\/ul>\n\n\n\n<figure class=\"wp-block-image\"><img decoding=\"async\" width=\"768\" height=\"960\" src=\"https::\/\/elreporterohgo.com\/noticias\/wp-content\/uploads\/2022\/02\/151799492_10208549197563074_6166015717216181095_n.jpg\" alt=\"\" class=\"wp-image-46769\" srcset=\"https:\/\/elreporterohgo.com\/noticias\/wp-content\/uploads\/2022\/02\/151799492_10208549197563074_6166015717216181095_n.jpg 768w, https:\/\/elreporterohgo.com\/noticias\/wp-content\/uploads\/2022\/02\/151799492_10208549197563074_6166015717216181095_n-240x300.jpg 240w\" sizes=\"(max-width: 768px) 100vw, 768px\" \/><\/figure>\n","protected":false},"excerpt":{"rendered":"<p>TARJETA INFORMATIVA Pachuca de Soto, Hidalgo.- Servidores p\u00fablicos de los tres \u00f3rdenes de gobierno conmemoraron el D\u00eda de la Bandera en la explanada de la Plaza Ju\u00e1rez de la ciudad de Pachuca de Soto. En el desarrollo de la ceremonia se llev\u00f3 a cabo el izamiento de bandera correspondiente, as\u00ed como los honores a la<\/p>\n","protected":false},"author":2,"featured_media":46768,"comment_status":"open","ping_status":"closed","sticky":false,"template":"","format":"standard","meta":{"footnotes":""},"categories":[10],"tags":[],"class_list":{"0":"post-46767","1":"post","2":"type-post","3":"status-publish","4":"format-standard","5":"has-post-thumbnail","7":"category-hidalgo"},"_links":{"self":[{"href":"https:\/\/elreporterohgo.com\/noticias\/wp-json\/wp\/v2\/posts\/46767","targetHints":{"allow":["GET"]}}],"collection":[{"href":"https:\/\/elreporterohgo.com\/noticias\/wp-json\/wp\/v2\/posts"}],"about":[{"href":"https:\/\/elreporterohgo.com\/noticias\/wp-json\/wp\/v2\/types\/post"}],"author":[{"embeddable":true,"href":"https:\/\/elreporterohgo.com\/noticias\/wp-json\/wp\/v2\/users\/2"}],"replies":[{"embeddable":true,"href":"https:\/\/elreporterohgo.com\/noticias\/wp-json\/wp\/v2\/comments?post=46767"}],"version-history":[{"count":1,"href":"https:\/\/elreporterohgo.com\/noticias\/wp-json\/wp\/v2\/posts\/46767\/revisions"}],"predecessor-version":[{"id":46770,"href":"https:\/\/elreporterohgo.com\/noticias\/wp-json\/wp\/v2\/posts\/46767\/revisions\/46770"}],"wp:featuredmedia":[{"embeddable":true,"href":"https:\/\/elreporterohgo.com\/noticias\/wp-json\/wp\/v2\/media\/46768"}],"wp:attachment":[{"href":"https:\/\/elreporterohgo.com\/noticias\/wp-json\/wp\/v2\/media?parent=46767"}],"wp:term":[{"taxonomy":"category","embeddable":true,"href":"https:\/\/elreporterohgo.com\/noticias\/wp-json\/wp\/v2\/categories?post=46767"},{"taxonomy":"post_tag","embeddable":true,"href":"https:\/\/elreporterohgo.com\/noticias\/wp-json\/wp\/v2\/tags?post=46767"}],"curies":[{"name":"wp","href":"https:\/\/api.w.org\/{rel}","templated":true}]}}