{"id":46737,"date":"2022-02-24T19:58:45","date_gmt":"2022-02-25T01:58:45","guid":{"rendered":"https:\/\/elreporterohgo.com\/noticias\/?p=46737"},"modified":"2022-02-24T19:58:46","modified_gmt":"2022-02-25T01:58:46","slug":"orgullosos-de-sus-tradiciones-y-costumbres","status":"publish","type":"post","link":"https:\/\/elreporterohgo.com\/noticias\/2022\/02\/24\/orgullosos-de-sus-tradiciones-y-costumbres\/","title":{"rendered":"Orgullosos de sus tradiciones y costumbres"},"content":{"rendered":"\n<figure class=\"wp-block-image\"><img fetchpriority=\"high\" decoding=\"async\" width=\"1004\" height=\"1024\" src=\"https::\/\/elreporterohgo.com\/noticias\/wp-content\/uploads\/2022\/02\/40e5f0d2-5cca-4085-98f6-2f02148ce1f3-1004x1024.jpg\" alt=\"\" class=\"wp-image-46738\" srcset=\"https:\/\/elreporterohgo.com\/noticias\/wp-content\/uploads\/2022\/02\/40e5f0d2-5cca-4085-98f6-2f02148ce1f3-1004x1024.jpg 1004w, https:\/\/elreporterohgo.com\/noticias\/wp-content\/uploads\/2022\/02\/40e5f0d2-5cca-4085-98f6-2f02148ce1f3-294x300.jpg 294w, https:\/\/elreporterohgo.com\/noticias\/wp-content\/uploads\/2022\/02\/40e5f0d2-5cca-4085-98f6-2f02148ce1f3-768x784.jpg 768w, https:\/\/elreporterohgo.com\/noticias\/wp-content\/uploads\/2022\/02\/40e5f0d2-5cca-4085-98f6-2f02148ce1f3.jpg 1080w\" sizes=\"(max-width: 1004px) 100vw, 1004px\" \/><\/figure>\n\n\n\n<figure class=\"wp-block-image\"><img decoding=\"async\" width=\"1002\" height=\"1024\" src=\"https::\/\/elreporterohgo.com\/noticias\/wp-content\/uploads\/2022\/02\/201ba601-35e1-4848-a8af-4fcf4ae2d16c-1002x1024.jpg\" alt=\"\" class=\"wp-image-46739\" srcset=\"https:\/\/elreporterohgo.com\/noticias\/wp-content\/uploads\/2022\/02\/201ba601-35e1-4848-a8af-4fcf4ae2d16c-1002x1024.jpg 1002w, https:\/\/elreporterohgo.com\/noticias\/wp-content\/uploads\/2022\/02\/201ba601-35e1-4848-a8af-4fcf4ae2d16c-293x300.jpg 293w, https:\/\/elreporterohgo.com\/noticias\/wp-content\/uploads\/2022\/02\/201ba601-35e1-4848-a8af-4fcf4ae2d16c-768x785.jpg 768w, https:\/\/elreporterohgo.com\/noticias\/wp-content\/uploads\/2022\/02\/201ba601-35e1-4848-a8af-4fcf4ae2d16c.jpg 1080w\" sizes=\"(max-width: 1002px) 100vw, 1002px\" \/><\/figure>\n\n\n\n<p>EPAZOYUCAN, HGO.- Este fin de semana se llevar\u00e1 a cabo, por  primera vez  en la historia del municipio, el Primer Carnaval Cultural que la comunidad Nahuatl radicada en la localidad de la Paloma, en el marco de la temporada de Carnavales en Hidalgo.<\/p>\n\n\n\n<p>El evento tiene la finalidad de dar a conocer las tradiciones indigenas a trav\u00e9s de los carnavales como actividad de culto y regocijo ancestral, las actividades se desarrollar\u00e1n los d\u00edas 26  y 27 de febrero.<\/p>\n\n\n\n<p>El d\u00eda 26 en la localidad de la Paloma, el 27 en el ex convento de San Andr\u00e9s Ap\u00f3stol, en pleno cenro de la cabecera municipal.<\/p>\n\n\n\n<p>La Paloma es una   poblaci\u00f3n ubicada a orillas de la carretera federal Pachuca- Ciudad Sahag\u00fan, frente a la localidad de Xochihuacan.<\/p>\n\n\n\n<p>Dicha etnia ind\u00edgena tiene origen de asentamiento en el referido poblado a partir de 1998, cuando la Paloma se integr\u00f3 al municipio como comunidad establecida y en la que actualmente cuenta con alrededor de 432 habitantes.<\/p>\n\n\n\n<p>, muchos de los cuales provienen de la Huasteca Hidalguense, espec\u00edficamente del municipio de Huautla, Xochiatipan y Calnali.<\/p>\n\n\n\n<p>Esta  iniciativa cultural es impulsada por la doctora Angela Delgadillo y en coordinaci\u00f3n con el Instituto Nacional de Antropolog\u00eda e Historia de Hidalgo, as\u00ed como voluntarios.<\/p>\n\n\n\n<p>Unidos trabajan por el rescate y fortalecimiento cultural. David Parra (Video com), Esau Salinas (Nahualli filma)  y principalmente los integrantes de este grupo \u00e9tnico que fomentan y comparten su cultura y tradicion con el resto de la ciudadan\u00eda.<\/p>\n","protected":false},"excerpt":{"rendered":"<p>EPAZOYUCAN, HGO.- Este fin de semana se llevar\u00e1 a cabo, por primera vez en la historia del municipio, el Primer Carnaval Cultural que la comunidad Nahuatl radicada en la localidad de la Paloma, en el marco de la temporada de Carnavales en Hidalgo. El evento tiene la finalidad de dar a conocer las tradiciones indigenas<\/p>\n","protected":false},"author":2,"featured_media":46738,"comment_status":"open","ping_status":"closed","sticky":false,"template":"","format":"standard","meta":{"footnotes":""},"categories":[10],"tags":[],"class_list":{"0":"post-46737","1":"post","2":"type-post","3":"status-publish","4":"format-standard","5":"has-post-thumbnail","7":"category-hidalgo"},"_links":{"self":[{"href":"https:\/\/elreporterohgo.com\/noticias\/wp-json\/wp\/v2\/posts\/46737","targetHints":{"allow":["GET"]}}],"collection":[{"href":"https:\/\/elreporterohgo.com\/noticias\/wp-json\/wp\/v2\/posts"}],"about":[{"href":"https:\/\/elreporterohgo.com\/noticias\/wp-json\/wp\/v2\/types\/post"}],"author":[{"embeddable":true,"href":"https:\/\/elreporterohgo.com\/noticias\/wp-json\/wp\/v2\/users\/2"}],"replies":[{"embeddable":true,"href":"https:\/\/elreporterohgo.com\/noticias\/wp-json\/wp\/v2\/comments?post=46737"}],"version-history":[{"count":1,"href":"https:\/\/elreporterohgo.com\/noticias\/wp-json\/wp\/v2\/posts\/46737\/revisions"}],"predecessor-version":[{"id":46740,"href":"https:\/\/elreporterohgo.com\/noticias\/wp-json\/wp\/v2\/posts\/46737\/revisions\/46740"}],"wp:featuredmedia":[{"embeddable":true,"href":"https:\/\/elreporterohgo.com\/noticias\/wp-json\/wp\/v2\/media\/46738"}],"wp:attachment":[{"href":"https:\/\/elreporterohgo.com\/noticias\/wp-json\/wp\/v2\/media?parent=46737"}],"wp:term":[{"taxonomy":"category","embeddable":true,"href":"https:\/\/elreporterohgo.com\/noticias\/wp-json\/wp\/v2\/categories?post=46737"},{"taxonomy":"post_tag","embeddable":true,"href":"https:\/\/elreporterohgo.com\/noticias\/wp-json\/wp\/v2\/tags?post=46737"}],"curies":[{"name":"wp","href":"https:\/\/api.w.org\/{rel}","templated":true}]}}