{"id":46721,"date":"2022-02-24T13:03:56","date_gmt":"2022-02-24T19:03:56","guid":{"rendered":"https:\/\/elreporterohgo.com\/noticias\/?p=46721"},"modified":"2022-02-24T21:54:40","modified_gmt":"2022-02-25T03:54:40","slug":"se-quemo-camion-de-valores-cargado-de-dinero","status":"publish","type":"post","link":"https:\/\/elreporterohgo.com\/noticias\/2022\/02\/24\/se-quemo-camion-de-valores-cargado-de-dinero\/","title":{"rendered":"Se quem\u00f3 cami\u00f3n de valores cargado de dinero"},"content":{"rendered":"\n<figure class=\"wp-block-image\"><img fetchpriority=\"high\" decoding=\"async\" width=\"1024\" height=\"791\" src=\"https::\/\/elreporterohgo.com\/noticias\/wp-content\/uploads\/2022\/02\/avalores-2-1024x791.jpg\" alt=\"\" class=\"wp-image-46722\" srcset=\"https:\/\/elreporterohgo.com\/noticias\/wp-content\/uploads\/2022\/02\/avalores-2-1024x791.jpg 1024w, https:\/\/elreporterohgo.com\/noticias\/wp-content\/uploads\/2022\/02\/avalores-2-300x232.jpg 300w, https:\/\/elreporterohgo.com\/noticias\/wp-content\/uploads\/2022\/02\/avalores-2-768x593.jpg 768w, https:\/\/elreporterohgo.com\/noticias\/wp-content\/uploads\/2022\/02\/avalores-2.jpg 1650w\" sizes=\"(max-width: 1024px) 100vw, 1024px\" \/><\/figure>\n\n\n\n<p>Protecci\u00f3n Civil apag\u00f3 las llamas<\/p>\n\n\n\n<p>Por Juan Sabino Cruz<\/p>\n\n\n\n<p>CIUDAD SAHAG\u00daN.- Personal de Protecci\u00f3n Civil Municipal\nsofoco las llamas que consum\u00edan un cami\u00f3n de valores y evitaron que se\nconvirtiera en ceniza medio mill\u00f3n de pesos.<\/p>\n\n\n\n<p>Agentes de la Polic\u00eda Estatal dieron a conocer que,\naproximadamente a las 11:309 horas de hoy, reportaron un hecho de tr\u00e1nsito en\nla carretera federal Ciudad Sahag\u00fan-Emiliano Zapata, a la altura de la\ngasolinera Lopsol.<\/p>\n\n\n\n<p>En el lugar encontraron un cami\u00f3n de valores de la empresa\nLOCK, su conductor Erick \u201cN\u201d expuso que se registr\u00f3 un corto circuito en el\ntablero y el fuego se extendi\u00f3 hasta el \u00e1rea del motor de la unidad.<\/p>\n\n\n\n<p>Precisaron que el comandante Jos\u00e9 Eduardo Cepeda, Director de Protecci\u00f3n Civil Municipal y su equipo apagaron las llamas que se extendieron r\u00e1pidamente.<\/p>\n\n\n\n<p>Ah\u00ed trascendi\u00f3 que esperar\u00edan la gr\u00faa y otro cami\u00f3n para que\nse llevaran medio mill\u00f3n de pesos que ten\u00edan en la zona blindada.<\/p>\n","protected":false},"excerpt":{"rendered":"<p>Protecci\u00f3n Civil apag\u00f3 las llamas Por Juan Sabino Cruz CIUDAD SAHAG\u00daN.- Personal de Protecci\u00f3n Civil Municipal sofoco las llamas que consum\u00edan un cami\u00f3n de valores y evitaron que se convirtiera en ceniza medio mill\u00f3n de pesos. Agentes de la Polic\u00eda Estatal dieron a conocer que, aproximadamente a las 11:309 horas de hoy, reportaron un hecho<\/p>\n","protected":false},"author":2,"featured_media":46722,"comment_status":"open","ping_status":"closed","sticky":false,"template":"","format":"standard","meta":{"footnotes":""},"categories":[10],"tags":[],"class_list":{"0":"post-46721","1":"post","2":"type-post","3":"status-publish","4":"format-standard","5":"has-post-thumbnail","7":"category-hidalgo"},"_links":{"self":[{"href":"https:\/\/elreporterohgo.com\/noticias\/wp-json\/wp\/v2\/posts\/46721","targetHints":{"allow":["GET"]}}],"collection":[{"href":"https:\/\/elreporterohgo.com\/noticias\/wp-json\/wp\/v2\/posts"}],"about":[{"href":"https:\/\/elreporterohgo.com\/noticias\/wp-json\/wp\/v2\/types\/post"}],"author":[{"embeddable":true,"href":"https:\/\/elreporterohgo.com\/noticias\/wp-json\/wp\/v2\/users\/2"}],"replies":[{"embeddable":true,"href":"https:\/\/elreporterohgo.com\/noticias\/wp-json\/wp\/v2\/comments?post=46721"}],"version-history":[{"count":3,"href":"https:\/\/elreporterohgo.com\/noticias\/wp-json\/wp\/v2\/posts\/46721\/revisions"}],"predecessor-version":[{"id":46733,"href":"https:\/\/elreporterohgo.com\/noticias\/wp-json\/wp\/v2\/posts\/46721\/revisions\/46733"}],"wp:featuredmedia":[{"embeddable":true,"href":"https:\/\/elreporterohgo.com\/noticias\/wp-json\/wp\/v2\/media\/46722"}],"wp:attachment":[{"href":"https:\/\/elreporterohgo.com\/noticias\/wp-json\/wp\/v2\/media?parent=46721"}],"wp:term":[{"taxonomy":"category","embeddable":true,"href":"https:\/\/elreporterohgo.com\/noticias\/wp-json\/wp\/v2\/categories?post=46721"},{"taxonomy":"post_tag","embeddable":true,"href":"https:\/\/elreporterohgo.com\/noticias\/wp-json\/wp\/v2\/tags?post=46721"}],"curies":[{"name":"wp","href":"https:\/\/api.w.org\/{rel}","templated":true}]}}