{"id":46693,"date":"2022-02-23T10:57:47","date_gmt":"2022-02-23T16:57:47","guid":{"rendered":"https:\/\/elreporterohgo.com\/noticias\/?p=46693"},"modified":"2022-02-23T10:57:48","modified_gmt":"2022-02-23T16:57:48","slug":"mato-a-una-mujer-y-lo-condenaron-a-mas-de-30-anos-de-prision","status":"publish","type":"post","link":"https:\/\/elreporterohgo.com\/noticias\/2022\/02\/23\/mato-a-una-mujer-y-lo-condenaron-a-mas-de-30-anos-de-prision\/","title":{"rendered":"Mat\u00f3 a una mujer y lo condenaron a m\u00e1s de 30 a\u00f1os de prisi\u00f3n"},"content":{"rendered":"\n<figure class=\"wp-block-image\"><img fetchpriority=\"high\" decoding=\"async\" width=\"888\" height=\"608\" src=\"https::\/\/elreporterohgo.com\/noticias\/wp-content\/uploads\/2022\/02\/00000-2-1.jpg\" alt=\"\" class=\"wp-image-46694\" srcset=\"https:\/\/elreporterohgo.com\/noticias\/wp-content\/uploads\/2022\/02\/00000-2-1.jpg 888w, https:\/\/elreporterohgo.com\/noticias\/wp-content\/uploads\/2022\/02\/00000-2-1-300x205.jpg 300w, https:\/\/elreporterohgo.com\/noticias\/wp-content\/uploads\/2022\/02\/00000-2-1-768x526.jpg 768w\" sizes=\"(max-width: 888px) 100vw, 888px\" \/><\/figure>\n\n\n\n<p>PACHUCA, Hgo.- Tras probar\nplenamente la responsabilidad de una persona hechos que la ley establece como\nfeminicidio, la Fiscal\u00eda de delitos de g\u00e9nero y trata de personas obtuvo de la\nautoridad judicial sentencia condenatoria de 31 a\u00f1os y tres meses de prisi\u00f3n.<\/p>\n\n\n\n<p>Los hechos que derivaron en la\nsentencia ocurrieron el 24 de junio del 2018, cuando personal ministerial de la\nentonces Fiscal\u00eda especializada para la atenci\u00f3n de delitos de g\u00e9nero, recibi\u00f3\nnotificaci\u00f3n por parte de seguridad p\u00fablica de Pachuca de Soto, sobre el\nhallazgo del cuerpo sin vida de una persona del sexo femenino.<\/p>\n\n\n\n<p>El cuerpo de la persona fallecida\nfue localizado al interior de un domicilio al que personal de la entonces\npolic\u00eda de investigaci\u00f3n y del servicio m\u00e9dico forense&nbsp; arrib\u00f3 para iniciar las indagatorias\ncorrespondientes bajo el protocolo de feminicidio.<\/p>\n\n\n\n<p>La agente del Ministerio P\u00fablico\nencargada de las pesquisas logr\u00f3 establecer la identidad del probable, a quien\nidentific\u00f3 como Sebasti\u00e1n \u201cN\u201d. La fiscal\u00eda solicit\u00f3 al juez de control la orden\nde aprehensi\u00f3n contra la persona antes mencionada, misma que fue concedida y\ncumplimentada por agentes de la Divisi\u00f3n de investigaci\u00f3n.<\/p>\n\n\n\n<p>En el desahogo de la audiencia\ninicial esta representaci\u00f3n social obtuvo del juez de control la vinculaci\u00f3n a\nproceso&nbsp; de Sebasti\u00e1n \u201cN\u201d y continu\u00f3 con\nlas investigaciones hasta agotar el plazo otorgado.<\/p>\n\n\n\n<p>Finalmente, al concluirse las\netapas del proceso penal, la Fiscal\u00eda de delitos de g\u00e9nero y trata de personas\nobtuvo de un tribunal de enjuiciamiento, sentencia condenatoria de 31 a\u00f1os y\ntres meses de prisi\u00f3n.<\/p>\n","protected":false},"excerpt":{"rendered":"<p>PACHUCA, Hgo.- Tras probar plenamente la responsabilidad de una persona hechos que la ley establece como feminicidio, la Fiscal\u00eda de delitos de g\u00e9nero y trata de personas obtuvo de la autoridad judicial sentencia condenatoria de 31 a\u00f1os y tres meses de prisi\u00f3n. Los hechos que derivaron en la sentencia ocurrieron el 24 de junio del<\/p>\n","protected":false},"author":2,"featured_media":46694,"comment_status":"open","ping_status":"closed","sticky":false,"template":"","format":"standard","meta":{"footnotes":""},"categories":[10],"tags":[],"class_list":{"0":"post-46693","1":"post","2":"type-post","3":"status-publish","4":"format-standard","5":"has-post-thumbnail","7":"category-hidalgo"},"_links":{"self":[{"href":"https:\/\/elreporterohgo.com\/noticias\/wp-json\/wp\/v2\/posts\/46693","targetHints":{"allow":["GET"]}}],"collection":[{"href":"https:\/\/elreporterohgo.com\/noticias\/wp-json\/wp\/v2\/posts"}],"about":[{"href":"https:\/\/elreporterohgo.com\/noticias\/wp-json\/wp\/v2\/types\/post"}],"author":[{"embeddable":true,"href":"https:\/\/elreporterohgo.com\/noticias\/wp-json\/wp\/v2\/users\/2"}],"replies":[{"embeddable":true,"href":"https:\/\/elreporterohgo.com\/noticias\/wp-json\/wp\/v2\/comments?post=46693"}],"version-history":[{"count":1,"href":"https:\/\/elreporterohgo.com\/noticias\/wp-json\/wp\/v2\/posts\/46693\/revisions"}],"predecessor-version":[{"id":46695,"href":"https:\/\/elreporterohgo.com\/noticias\/wp-json\/wp\/v2\/posts\/46693\/revisions\/46695"}],"wp:featuredmedia":[{"embeddable":true,"href":"https:\/\/elreporterohgo.com\/noticias\/wp-json\/wp\/v2\/media\/46694"}],"wp:attachment":[{"href":"https:\/\/elreporterohgo.com\/noticias\/wp-json\/wp\/v2\/media?parent=46693"}],"wp:term":[{"taxonomy":"category","embeddable":true,"href":"https:\/\/elreporterohgo.com\/noticias\/wp-json\/wp\/v2\/categories?post=46693"},{"taxonomy":"post_tag","embeddable":true,"href":"https:\/\/elreporterohgo.com\/noticias\/wp-json\/wp\/v2\/tags?post=46693"}],"curies":[{"name":"wp","href":"https:\/\/api.w.org\/{rel}","templated":true}]}}