{"id":46688,"date":"2022-02-22T23:27:38","date_gmt":"2022-02-23T05:27:38","guid":{"rendered":"https:\/\/elreporterohgo.com\/noticias\/?p=46688"},"modified":"2022-02-22T23:27:39","modified_gmt":"2022-02-23T05:27:39","slug":"instalacion-de-la-red-latinoamericana-de-gobiernos-regionales","status":"publish","type":"post","link":"https:\/\/elreporterohgo.com\/noticias\/2022\/02\/22\/instalacion-de-la-red-latinoamericana-de-gobiernos-regionales\/","title":{"rendered":"Instalaci\u00f3n de la Red Latinoamericana de Gobiernos Regionales"},"content":{"rendered":"\n<figure class=\"wp-block-image\"><img fetchpriority=\"high\" decoding=\"async\" width=\"1024\" height=\"683\" src=\"https::\/\/elreporterohgo.com\/noticias\/wp-content\/uploads\/2022\/02\/unnamed-2022-02-22T232340.431-1024x683.jpg\" alt=\"\" class=\"wp-image-46689\" srcset=\"https:\/\/elreporterohgo.com\/noticias\/wp-content\/uploads\/2022\/02\/unnamed-2022-02-22T232340.431-1024x683.jpg 1024w, https:\/\/elreporterohgo.com\/noticias\/wp-content\/uploads\/2022\/02\/unnamed-2022-02-22T232340.431-300x200.jpg 300w, https:\/\/elreporterohgo.com\/noticias\/wp-content\/uploads\/2022\/02\/unnamed-2022-02-22T232340.431-768x512.jpg 768w, https:\/\/elreporterohgo.com\/noticias\/wp-content\/uploads\/2022\/02\/unnamed-2022-02-22T232340.431.jpg 1920w\" sizes=\"(max-width: 1024px) 100vw, 1024px\" \/><\/figure>\n\n\n\n<ul class=\"wp-block-list\"><li>Pachuca,\nHgo.- Durante la reuni\u00f3n virtual de instalaci\u00f3n de la Red Latinoamericana de\nGobiernos Regionales, el gobernador de Hidalgo rindi\u00f3 protesta como\nvicepresidente del organismo constituido en 2020, con el objetivo de ser un\nespacio de di\u00e1logo y concertaci\u00f3n sobre temas de inter\u00e9s com\u00fan para los\ngobiernos latinoamericanos.<\/li><\/ul>\n\n\n\n<ul class=\"wp-block-list\"><li>Tambi\u00e9n\nparticip\u00f3 de esta instalaci\u00f3n el presidente de la Federaci\u00f3n Latinoamericana de\nCiudades, Municipios y Asociaciones de Gobiernos Locales (FLACMA), Gian Carlo\nGerometta Burbano.<\/li><\/ul>\n\n\n\n<ul class=\"wp-block-list\"><li>El\nmandatario hidalguense confi\u00f3 en que la Red Latinoamericana de Gobiernos\nRegionales sea un mecanismo de cooperaci\u00f3n pol\u00edtica en el que los gobiernos\nsubnacionales del Cono Sur puedan intercambiar experiencias y mejores\npr\u00e1cticas.<\/li><\/ul>\n\n\n\n<ul class=\"wp-block-list\"><li>Propuso\nla realizaci\u00f3n de una cumbre de l\u00edderes de los gobiernos subnacionales, municipales\ny de las ciudades de Latinoam\u00e9rica, a realizarse dentro de los siguientes tres\nmeses de forma presencial.<\/li><\/ul>\n\n\n\n<ul class=\"wp-block-list\"><li>Adem\u00e1s,\ninvit\u00f3 a las y los integrantes de la mesa directiva que preside Ver\u00f3nica\nMagario Calder\u00f3n, tambi\u00e9n vicegobernadora de la provincia de Buenos Aires, a\nconstruir la agenda de trabajo alrededor de la referida propuesta.<\/li><\/ul>\n\n\n\n<ul class=\"wp-block-list\"><li>Refiri\u00f3\nque en la actualidad los gobiernos subnacionales, los municipios y las ciudades\nviven interconectados por la intensa globalizaci\u00f3n de las \u00faltimas d\u00e9cadas.\nEntre ellos, existe una interdependencia comercial y econ\u00f3mica al m\u00e1s alto\nnivel por lo que se debe tener una agenda pol\u00edtica coordinada que corresponda a\ndicha integraci\u00f3n. <\/li><\/ul>\n\n\n\n<ul class=\"wp-block-list\"><li>Se\u00f1al\u00f3\nque la Conferencia Nacional de Gobernadores (Conago), en su quehacer en materia\nglobal, ha buscado establecer relaciones de trabajo cercanas, que propicien el\nintercambio, la cooperaci\u00f3n y las sinergias entre gobiernos subnacionales del\nmundo; as\u00ed como contribuir con ciudades y municipios.<\/li><\/ul>\n\n\n\n<ul class=\"wp-block-list\"><li>Sostuvo\nque la Conago permanece abierta a tender nuevos puentes de colaboraci\u00f3n con\nasociaciones del mundo, en particular con aquellas de pa\u00edses y ciudades con las\nque comparte no s\u00f3lo una regi\u00f3n; sino la cultura, el idioma, un legado\nhist\u00f3rico, pero, sobre todo, el porvenir.<\/li><\/ul>\n","protected":false},"excerpt":{"rendered":"<p>Pachuca, Hgo.- Durante la reuni\u00f3n virtual de instalaci\u00f3n de la Red Latinoamericana de Gobiernos Regionales, el gobernador de Hidalgo rindi\u00f3 protesta como vicepresidente del organismo constituido en 2020, con el objetivo de ser un espacio de di\u00e1logo y concertaci\u00f3n sobre temas de inter\u00e9s com\u00fan para los gobiernos latinoamericanos. Tambi\u00e9n particip\u00f3 de esta instalaci\u00f3n el presidente<\/p>\n","protected":false},"author":2,"featured_media":46689,"comment_status":"open","ping_status":"closed","sticky":false,"template":"","format":"standard","meta":{"footnotes":""},"categories":[10],"tags":[],"class_list":{"0":"post-46688","1":"post","2":"type-post","3":"status-publish","4":"format-standard","5":"has-post-thumbnail","7":"category-hidalgo"},"_links":{"self":[{"href":"https:\/\/elreporterohgo.com\/noticias\/wp-json\/wp\/v2\/posts\/46688","targetHints":{"allow":["GET"]}}],"collection":[{"href":"https:\/\/elreporterohgo.com\/noticias\/wp-json\/wp\/v2\/posts"}],"about":[{"href":"https:\/\/elreporterohgo.com\/noticias\/wp-json\/wp\/v2\/types\/post"}],"author":[{"embeddable":true,"href":"https:\/\/elreporterohgo.com\/noticias\/wp-json\/wp\/v2\/users\/2"}],"replies":[{"embeddable":true,"href":"https:\/\/elreporterohgo.com\/noticias\/wp-json\/wp\/v2\/comments?post=46688"}],"version-history":[{"count":1,"href":"https:\/\/elreporterohgo.com\/noticias\/wp-json\/wp\/v2\/posts\/46688\/revisions"}],"predecessor-version":[{"id":46690,"href":"https:\/\/elreporterohgo.com\/noticias\/wp-json\/wp\/v2\/posts\/46688\/revisions\/46690"}],"wp:featuredmedia":[{"embeddable":true,"href":"https:\/\/elreporterohgo.com\/noticias\/wp-json\/wp\/v2\/media\/46689"}],"wp:attachment":[{"href":"https:\/\/elreporterohgo.com\/noticias\/wp-json\/wp\/v2\/media?parent=46688"}],"wp:term":[{"taxonomy":"category","embeddable":true,"href":"https:\/\/elreporterohgo.com\/noticias\/wp-json\/wp\/v2\/categories?post=46688"},{"taxonomy":"post_tag","embeddable":true,"href":"https:\/\/elreporterohgo.com\/noticias\/wp-json\/wp\/v2\/tags?post=46688"}],"curies":[{"name":"wp","href":"https:\/\/api.w.org\/{rel}","templated":true}]}}