{"id":46674,"date":"2022-02-22T17:38:58","date_gmt":"2022-02-22T23:38:58","guid":{"rendered":"https:\/\/elreporterohgo.com\/noticias\/?p=46674"},"modified":"2022-02-22T17:39:00","modified_gmt":"2022-02-22T23:39:00","slug":"detenidos-con-armas-de-fuego","status":"publish","type":"post","link":"https:\/\/elreporterohgo.com\/noticias\/2022\/02\/22\/detenidos-con-armas-de-fuego\/","title":{"rendered":"Detenidos con armas de fuego"},"content":{"rendered":"\n<figure class=\"wp-block-image\"><img fetchpriority=\"high\" decoding=\"async\" width=\"997\" height=\"1024\" src=\"https::\/\/elreporterohgo.com\/noticias\/wp-content\/uploads\/2022\/02\/0boob-2-997x1024.jpg\" alt=\"\" class=\"wp-image-46675\" srcset=\"https:\/\/elreporterohgo.com\/noticias\/wp-content\/uploads\/2022\/02\/0boob-2-997x1024.jpg 997w, https:\/\/elreporterohgo.com\/noticias\/wp-content\/uploads\/2022\/02\/0boob-2-292x300.jpg 292w, https:\/\/elreporterohgo.com\/noticias\/wp-content\/uploads\/2022\/02\/0boob-2-768x789.jpg 768w, https:\/\/elreporterohgo.com\/noticias\/wp-content\/uploads\/2022\/02\/0boob-2.jpg 1083w\" sizes=\"(max-width: 997px) 100vw, 997px\" \/><\/figure>\n\n\n\n<p>En operativos de prevenci\u00f3n de delitos cometidos con armas de fuego, agentes de la Secretar\u00eda de Seguridad P\u00fablica de Hidalgo aseguraron a dos individuos en la regi\u00f3n de Tulancingo.<\/p>\n\n\n\n<p>Inicialmente, en la colonia Valle Verde de San Bartolo Tutotepec polic\u00edas estatales intervinieron a H.S.M., de 36 a\u00f1os, a quien le fue detectada un arma de fuego calibre 380, abastecida con siete cartuchos \u00fatiles.<\/p>\n\n\n\n<p>En tanto, en la carretera M\u00e9xico-Tuxpan, a la altura del fraccionamiento Magisterio, en Tulancingo, fue detenido quien se identific\u00f3 como A.M.V., de 41 a\u00f1os, que portaba un arma calibre 380 y 15 cartuchos \u00fatiles. A la persona se le asegur\u00f3 un auto Mazda M5, color gris, placas de Hidalgo.<\/p>\n\n\n\n<p>Ambos individuos fueron trasladados a instalaciones de seguridad y posteriormente puestos a disposici\u00f3n de la Fiscal\u00eda General de la Rep\u00fablica, mediante su representaci\u00f3n en Hidalgo, para las respectivas investigaciones en consecuencia.<\/p>\n\n\n\n<p>La Secretar\u00eda de Seguridad P\u00fablica de Hidalgo reitera el llamado a la ciudadan\u00eda para contribuir con estas acciones, realizando reportes mediante el 911 de Emergencias y\/o al 089 para Denuncia An\u00f3nima.<\/p>\n","protected":false},"excerpt":{"rendered":"<p>En operativos de prevenci\u00f3n de delitos cometidos con armas de fuego, agentes de la Secretar\u00eda de Seguridad P\u00fablica de Hidalgo aseguraron a dos individuos en la regi\u00f3n de Tulancingo. Inicialmente, en la colonia Valle Verde de San Bartolo Tutotepec polic\u00edas estatales intervinieron a H.S.M., de 36 a\u00f1os, a quien le fue detectada un arma de<\/p>\n","protected":false},"author":2,"featured_media":46675,"comment_status":"open","ping_status":"closed","sticky":false,"template":"","format":"standard","meta":{"footnotes":""},"categories":[10],"tags":[],"class_list":{"0":"post-46674","1":"post","2":"type-post","3":"status-publish","4":"format-standard","5":"has-post-thumbnail","7":"category-hidalgo"},"_links":{"self":[{"href":"https:\/\/elreporterohgo.com\/noticias\/wp-json\/wp\/v2\/posts\/46674","targetHints":{"allow":["GET"]}}],"collection":[{"href":"https:\/\/elreporterohgo.com\/noticias\/wp-json\/wp\/v2\/posts"}],"about":[{"href":"https:\/\/elreporterohgo.com\/noticias\/wp-json\/wp\/v2\/types\/post"}],"author":[{"embeddable":true,"href":"https:\/\/elreporterohgo.com\/noticias\/wp-json\/wp\/v2\/users\/2"}],"replies":[{"embeddable":true,"href":"https:\/\/elreporterohgo.com\/noticias\/wp-json\/wp\/v2\/comments?post=46674"}],"version-history":[{"count":1,"href":"https:\/\/elreporterohgo.com\/noticias\/wp-json\/wp\/v2\/posts\/46674\/revisions"}],"predecessor-version":[{"id":46676,"href":"https:\/\/elreporterohgo.com\/noticias\/wp-json\/wp\/v2\/posts\/46674\/revisions\/46676"}],"wp:featuredmedia":[{"embeddable":true,"href":"https:\/\/elreporterohgo.com\/noticias\/wp-json\/wp\/v2\/media\/46675"}],"wp:attachment":[{"href":"https:\/\/elreporterohgo.com\/noticias\/wp-json\/wp\/v2\/media?parent=46674"}],"wp:term":[{"taxonomy":"category","embeddable":true,"href":"https:\/\/elreporterohgo.com\/noticias\/wp-json\/wp\/v2\/categories?post=46674"},{"taxonomy":"post_tag","embeddable":true,"href":"https:\/\/elreporterohgo.com\/noticias\/wp-json\/wp\/v2\/tags?post=46674"}],"curies":[{"name":"wp","href":"https:\/\/api.w.org\/{rel}","templated":true}]}}