{"id":46643,"date":"2022-02-21T13:31:00","date_gmt":"2022-02-21T19:31:00","guid":{"rendered":"https:\/\/elreporterohgo.com\/noticias\/?p=46643"},"modified":"2022-02-21T13:31:01","modified_gmt":"2022-02-21T19:31:01","slug":"brutal-choque-dejo-heridos-y-danos-materiales","status":"publish","type":"post","link":"https:\/\/elreporterohgo.com\/noticias\/2022\/02\/21\/brutal-choque-dejo-heridos-y-danos-materiales\/","title":{"rendered":"Brutal choque dej\u00f3 heridos y da\u00f1os materiales"},"content":{"rendered":"\n<figure class=\"wp-block-image\"><img fetchpriority=\"high\" decoding=\"async\" width=\"1024\" height=\"766\" src=\"https::\/\/elreporterohgo.com\/noticias\/wp-content\/uploads\/2022\/02\/2dbbddaf-c0ef-41be-bc2e-1a2ea059a8e3-1024x766.jpg\" alt=\"\" class=\"wp-image-46644\" srcset=\"https:\/\/elreporterohgo.com\/noticias\/wp-content\/uploads\/2022\/02\/2dbbddaf-c0ef-41be-bc2e-1a2ea059a8e3-1024x766.jpg 1024w, https:\/\/elreporterohgo.com\/noticias\/wp-content\/uploads\/2022\/02\/2dbbddaf-c0ef-41be-bc2e-1a2ea059a8e3-300x224.jpg 300w, https:\/\/elreporterohgo.com\/noticias\/wp-content\/uploads\/2022\/02\/2dbbddaf-c0ef-41be-bc2e-1a2ea059a8e3-768x574.jpg 768w, https:\/\/elreporterohgo.com\/noticias\/wp-content\/uploads\/2022\/02\/2dbbddaf-c0ef-41be-bc2e-1a2ea059a8e3.jpg 1280w\" sizes=\"(max-width: 1024px) 100vw, 1024px\" \/><\/figure>\n\n\n\n<p>ATOTONILCO EL GRANDE, Hgo.- Dos heridos y elevados da\u00f1os\nmateriales fue el saldo que dej\u00f3 un brutal choque entre autom\u00f3viles compactos,\nla tarde de ayer, en esta ciudad.<\/p>\n\n\n\n<p>Oficiales de Seguridad Municipal reportaron que, aproximadamente\na las 17:45 horas de ayer, reportaron un accidente automovil\u00edstico en la\ncomunidad Los Tepetates.<\/p>\n\n\n\n<p>Al llegar, los uniformados hallaron dos veh\u00edculos que se impactaron\nde frente.<\/p>\n\n\n\n<p>Uno es un Atos, color gris, conducido por M.C. C., de 20\na\u00f1os, vecino de la localidad de Maguey Verde, municipio de Atotonilco el Grande.<\/p>\n\n\n\n<p>El segundo es un Sentra, color rojo, tripulado por M.G.M., de\n41 a\u00f1os, mismo que era acompa\u00f1ado por tres personas de 30, 11 y 11 a\u00f1os de4\nedad, Personal de Protecci\u00f3n Civil se encarg\u00f3 de prestar auxilio a los\nlesionados.<\/p>\n","protected":false},"excerpt":{"rendered":"<p>ATOTONILCO EL GRANDE, Hgo.- Dos heridos y elevados da\u00f1os materiales fue el saldo que dej\u00f3 un brutal choque entre autom\u00f3viles compactos, la tarde de ayer, en esta ciudad. Oficiales de Seguridad Municipal reportaron que, aproximadamente a las 17:45 horas de ayer, reportaron un accidente automovil\u00edstico en la comunidad Los Tepetates. Al llegar, los uniformados hallaron<\/p>\n","protected":false},"author":2,"featured_media":46644,"comment_status":"open","ping_status":"closed","sticky":false,"template":"","format":"standard","meta":{"footnotes":""},"categories":[10],"tags":[],"class_list":{"0":"post-46643","1":"post","2":"type-post","3":"status-publish","4":"format-standard","5":"has-post-thumbnail","7":"category-hidalgo"},"_links":{"self":[{"href":"https:\/\/elreporterohgo.com\/noticias\/wp-json\/wp\/v2\/posts\/46643","targetHints":{"allow":["GET"]}}],"collection":[{"href":"https:\/\/elreporterohgo.com\/noticias\/wp-json\/wp\/v2\/posts"}],"about":[{"href":"https:\/\/elreporterohgo.com\/noticias\/wp-json\/wp\/v2\/types\/post"}],"author":[{"embeddable":true,"href":"https:\/\/elreporterohgo.com\/noticias\/wp-json\/wp\/v2\/users\/2"}],"replies":[{"embeddable":true,"href":"https:\/\/elreporterohgo.com\/noticias\/wp-json\/wp\/v2\/comments?post=46643"}],"version-history":[{"count":1,"href":"https:\/\/elreporterohgo.com\/noticias\/wp-json\/wp\/v2\/posts\/46643\/revisions"}],"predecessor-version":[{"id":46645,"href":"https:\/\/elreporterohgo.com\/noticias\/wp-json\/wp\/v2\/posts\/46643\/revisions\/46645"}],"wp:featuredmedia":[{"embeddable":true,"href":"https:\/\/elreporterohgo.com\/noticias\/wp-json\/wp\/v2\/media\/46644"}],"wp:attachment":[{"href":"https:\/\/elreporterohgo.com\/noticias\/wp-json\/wp\/v2\/media?parent=46643"}],"wp:term":[{"taxonomy":"category","embeddable":true,"href":"https:\/\/elreporterohgo.com\/noticias\/wp-json\/wp\/v2\/categories?post=46643"},{"taxonomy":"post_tag","embeddable":true,"href":"https:\/\/elreporterohgo.com\/noticias\/wp-json\/wp\/v2\/tags?post=46643"}],"curies":[{"name":"wp","href":"https:\/\/api.w.org\/{rel}","templated":true}]}}