{"id":46631,"date":"2022-02-20T17:42:50","date_gmt":"2022-02-20T23:42:50","guid":{"rendered":"https:\/\/elreporterohgo.com\/noticias\/?p=46631"},"modified":"2022-02-20T17:54:56","modified_gmt":"2022-02-20T23:54:56","slug":"horror-levanton-y-ejecucion-de-empresario","status":"publish","type":"post","link":"https:\/\/elreporterohgo.com\/noticias\/2022\/02\/20\/horror-levanton-y-ejecucion-de-empresario\/","title":{"rendered":"Horror: Levant\u00f3n y ejecuci\u00f3n de empresario"},"content":{"rendered":"\n<figure class=\"wp-block-image\"><img fetchpriority=\"high\" decoding=\"async\" width=\"1024\" height=\"598\" src=\"https::\/\/elreporterohgo.com\/noticias\/wp-content\/uploads\/2022\/02\/villas-de-2-1024x598.jpg\" alt=\"\" class=\"wp-image-46632\" srcset=\"https:\/\/elreporterohgo.com\/noticias\/wp-content\/uploads\/2022\/02\/villas-de-2-1024x598.jpg 1024w, https:\/\/elreporterohgo.com\/noticias\/wp-content\/uploads\/2022\/02\/villas-de-2-300x175.jpg 300w, https:\/\/elreporterohgo.com\/noticias\/wp-content\/uploads\/2022\/02\/villas-de-2-768x448.jpg 768w, https:\/\/elreporterohgo.com\/noticias\/wp-content\/uploads\/2022\/02\/villas-de-2.jpg 1160w\" sizes=\"(max-width: 1024px) 100vw, 1024px\" \/><\/figure>\n\n\n\n<p>Sacado de su hogar en Vilas de Sahag\u00fan<\/p>\n\n\n\n<p>Por Juan Sabino Cruz<\/p>\n\n\n\n<p>CIUDAD SAHAGUN.- El levant\u00f3n y ejecuci\u00f3n de un hombre de negocios\nha originado temor entre los empresarios de esta industrial ciudad donde\npareciera que operan grupos de la delincuencia organizada.<\/p>\n\n\n\n<p>Informaci\u00f3n obtenida por EL REPORTERO establece que, aproximadamente\na las 17:30 horas del pasado d\u00eda 12 de febrero, un grupo de seis sujetos\nvestidos con pantal\u00f3n de mezclilla azul y chaleco anaranjado, irrumpieron en la\ncalle Cloro de la colonia Villas de Sahag\u00fan.<\/p>\n\n\n\n<p>Los desconocidos, con total impunidad, se llevaron a un\nhombre identificado por sus iniciales como D.S., de poco m\u00e1s de 50 a\u00f1os, relacionado\ncon el negocio de los Seguros.<\/p>\n\n\n\n<p>Presuntamente, al hombre que fue privado de su libertad y\nfamiliares ya le hab\u00edan pedido un mill\u00f3n de pesos.<\/p>\n\n\n\n<p>Sobre esta hecho violento intervino diez minutos despu\u00e9s La Polic\u00eda\nEstatal, as\u00ed con un grupo especializado antisecuestro. Su presencia de nada sirvi\u00f3,\nmostraron carencia de capacidad para implementar un operativo y rescatar a la\nv\u00edctima.<\/p>\n\n\n\n<p>LO MATARON<\/p>\n\n\n\n<p>Lamentablemente, el hombre que sufri\u00f3 el \u201clevant\u00f3n\u201d, fue\nprivado de la vida, informaci\u00f3n no confirmada establece que lo dejaron tirado\nen jurisdicci\u00f3n de Tlaxcala, lo que si es cierto es que lo velaron al medio d\u00eda\ndel pasado lunes en funerales \u201cRam\u00edrez\u201d de Ciudad Sahag\u00fan.<\/p>\n\n\n\n<p>Debe quedar claro que pedimos informaci\u00f3n a las diferentes\nautoridades que parece fingieron desconocer el hecho.<\/p>\n\n\n\n<p>Existe informaci\u00f3n donde se asegura que existe zozobra e inquietud entre industriales del municipio dedicados a trabajar y generar fuentes de empleo, pues se rumora que han existido amenazas y la ejecuci\u00f3n del s\u00e1bado 12 de febrero fue para advertir que hablan en serio.<\/p>\n\n\n\n<p>\u00bfMUERTOS EN EL NAR JALISCO NO TE RAJES?<\/p>\n\n\n\n<p>Cabe hacer menci\u00f3n que esta corriendo una noticia, al parecer falsa sobre diez muertos en el bar \u00abJalisco no te Rajes\u00bb, localizado en zona plateada de Pachuca.<\/p>\n\n\n\n<p>EL REPORTERO logr\u00f3 indagar y se establecio que personal de la Fiscalia General de la Rep\u00fablica y militares cumplieron con un cateo y dieron cumplimiento a una orden de aprehensi\u00f3n.<\/p>\n","protected":false},"excerpt":{"rendered":"<p>Sacado de su hogar en Vilas de Sahag\u00fan Por Juan Sabino Cruz CIUDAD SAHAGUN.- El levant\u00f3n y ejecuci\u00f3n de un hombre de negocios ha originado temor entre los empresarios de esta industrial ciudad donde pareciera que operan grupos de la delincuencia organizada. Informaci\u00f3n obtenida por EL REPORTERO establece que, aproximadamente a las 17:30 horas del<\/p>\n","protected":false},"author":2,"featured_media":46632,"comment_status":"open","ping_status":"closed","sticky":false,"template":"","format":"standard","meta":{"footnotes":""},"categories":[10],"tags":[],"class_list":{"0":"post-46631","1":"post","2":"type-post","3":"status-publish","4":"format-standard","5":"has-post-thumbnail","7":"category-hidalgo"},"_links":{"self":[{"href":"https:\/\/elreporterohgo.com\/noticias\/wp-json\/wp\/v2\/posts\/46631","targetHints":{"allow":["GET"]}}],"collection":[{"href":"https:\/\/elreporterohgo.com\/noticias\/wp-json\/wp\/v2\/posts"}],"about":[{"href":"https:\/\/elreporterohgo.com\/noticias\/wp-json\/wp\/v2\/types\/post"}],"author":[{"embeddable":true,"href":"https:\/\/elreporterohgo.com\/noticias\/wp-json\/wp\/v2\/users\/2"}],"replies":[{"embeddable":true,"href":"https:\/\/elreporterohgo.com\/noticias\/wp-json\/wp\/v2\/comments?post=46631"}],"version-history":[{"count":2,"href":"https:\/\/elreporterohgo.com\/noticias\/wp-json\/wp\/v2\/posts\/46631\/revisions"}],"predecessor-version":[{"id":46634,"href":"https:\/\/elreporterohgo.com\/noticias\/wp-json\/wp\/v2\/posts\/46631\/revisions\/46634"}],"wp:featuredmedia":[{"embeddable":true,"href":"https:\/\/elreporterohgo.com\/noticias\/wp-json\/wp\/v2\/media\/46632"}],"wp:attachment":[{"href":"https:\/\/elreporterohgo.com\/noticias\/wp-json\/wp\/v2\/media?parent=46631"}],"wp:term":[{"taxonomy":"category","embeddable":true,"href":"https:\/\/elreporterohgo.com\/noticias\/wp-json\/wp\/v2\/categories?post=46631"},{"taxonomy":"post_tag","embeddable":true,"href":"https:\/\/elreporterohgo.com\/noticias\/wp-json\/wp\/v2\/tags?post=46631"}],"curies":[{"name":"wp","href":"https:\/\/api.w.org\/{rel}","templated":true}]}}