{"id":46625,"date":"2022-02-19T21:28:27","date_gmt":"2022-02-20T03:28:27","guid":{"rendered":"https:\/\/elreporterohgo.com\/noticias\/?p=46625"},"modified":"2022-02-19T21:28:28","modified_gmt":"2022-02-20T03:28:28","slug":"si-tengo-de-18-a-29-anos-como-me-registro-para-recibir-la-vacuna-de-refuerzo-covid","status":"publish","type":"post","link":"https:\/\/elreporterohgo.com\/noticias\/2022\/02\/19\/si-tengo-de-18-a-29-anos-como-me-registro-para-recibir-la-vacuna-de-refuerzo-covid\/","title":{"rendered":"Si tengo de 18 a 29 a\u00f1os \u00bfc\u00f3mo me registro para recibir la vacuna de refuerzo COVID?"},"content":{"rendered":"\n<ul class=\"wp-block-list\"><li>El Gobierno de M\u00e9xico actualiz\u00f3 su portal de vacunaci\u00f3n COVID para personas de 18 a\u00f1os o m\u00e1s puedan hacer el registro y solicitar su<strong>\u00a0refuerzo de vacuna.<\/strong><\/li><\/ul>\n\n\n\n<p>En la plataforma\u00a0<a href=\"https::\/\/mivacuna.salud.gob.mx\/\">mivacuna.salud.gob.mx<\/a>, las personas interesadas podr\u00e1n encontrar la secci\u00f3n \u201cTengo 18 a\u00f1os o m\u00e1s y\u00a0<strong>solicito el refuerzo de vacunaci\u00f3n<\/strong>\u201d.<\/p>\n\n\n\n<p>Solo necesitar\u00e1s la Clave \u00danica de Registro de Poblaci\u00f3n (CURP) para poder ingresar al registro.<a href=\"https:s:\/\/www.elfinanciero.com.mx\/cdmx\/2022\/02\/18\/refuerzo-de-vacuna-covid-en-cdmx-personas-de-18-a-29-anos-recibiran-dosis-a-partir-del-21-de-febrero\/\"><\/a><\/p>\n\n\n\n<p>La plataforma te pedir\u00e1 tu nombre, y despu\u00e9s podr\u00e1s descargar el expediente de vacunaci\u00f3n, que deber\u00e1s llevar impreso cuando te toque recibir la nueva dosis.<\/p>\n\n\n\n<p>El Gobierno federal inici\u00f3 la aplicaci\u00f3n de refuerzo de vacuna COVID\u00a0<strong>en diciembre pasado<\/strong>, con el grupo de personas adultas mayores (60 a\u00f1os y m\u00e1s).<\/p>\n\n\n\n<figure class=\"wp-block-image\"><img fetchpriority=\"high\" decoding=\"async\" width=\"1024\" height=\"538\" src=\"https::\/\/elreporterohgo.com\/noticias\/wp-content\/uploads\/2022\/02\/WhatsApp-Image-2022-02-04-at-9.56.01-PM-6-1024x538.jpeg\" alt=\"\" class=\"wp-image-46626\" srcset=\"https:\/\/elreporterohgo.com\/noticias\/wp-content\/uploads\/2022\/02\/WhatsApp-Image-2022-02-04-at-9.56.01-PM-6-1024x538.jpeg 1024w, https:\/\/elreporterohgo.com\/noticias\/wp-content\/uploads\/2022\/02\/WhatsApp-Image-2022-02-04-at-9.56.01-PM-6-300x158.jpeg 300w, https:\/\/elreporterohgo.com\/noticias\/wp-content\/uploads\/2022\/02\/WhatsApp-Image-2022-02-04-at-9.56.01-PM-6-768x403.jpeg 768w, https:\/\/elreporterohgo.com\/noticias\/wp-content\/uploads\/2022\/02\/WhatsApp-Image-2022-02-04-at-9.56.01-PM-6.jpeg 1280w\" sizes=\"(max-width: 1024px) 100vw, 1024px\" \/><\/figure>\n\n\n\n<p><br><\/p>\n","protected":false},"excerpt":{"rendered":"<p>El Gobierno de M\u00e9xico actualiz\u00f3 su portal de vacunaci\u00f3n COVID para personas de 18 a\u00f1os o m\u00e1s puedan hacer el registro y solicitar su\u00a0refuerzo de vacuna. En la plataforma\u00a0mivacuna.salud.gob.mx, las personas interesadas podr\u00e1n encontrar la secci\u00f3n \u201cTengo 18 a\u00f1os o m\u00e1s y\u00a0solicito el refuerzo de vacunaci\u00f3n\u201d. Solo necesitar\u00e1s la Clave \u00danica de Registro de Poblaci\u00f3n<\/p>\n","protected":false},"author":2,"featured_media":46626,"comment_status":"open","ping_status":"closed","sticky":false,"template":"","format":"standard","meta":{"footnotes":""},"categories":[10],"tags":[],"class_list":{"0":"post-46625","1":"post","2":"type-post","3":"status-publish","4":"format-standard","5":"has-post-thumbnail","7":"category-hidalgo"},"_links":{"self":[{"href":"https:\/\/elreporterohgo.com\/noticias\/wp-json\/wp\/v2\/posts\/46625","targetHints":{"allow":["GET"]}}],"collection":[{"href":"https:\/\/elreporterohgo.com\/noticias\/wp-json\/wp\/v2\/posts"}],"about":[{"href":"https:\/\/elreporterohgo.com\/noticias\/wp-json\/wp\/v2\/types\/post"}],"author":[{"embeddable":true,"href":"https:\/\/elreporterohgo.com\/noticias\/wp-json\/wp\/v2\/users\/2"}],"replies":[{"embeddable":true,"href":"https:\/\/elreporterohgo.com\/noticias\/wp-json\/wp\/v2\/comments?post=46625"}],"version-history":[{"count":1,"href":"https:\/\/elreporterohgo.com\/noticias\/wp-json\/wp\/v2\/posts\/46625\/revisions"}],"predecessor-version":[{"id":46627,"href":"https:\/\/elreporterohgo.com\/noticias\/wp-json\/wp\/v2\/posts\/46625\/revisions\/46627"}],"wp:featuredmedia":[{"embeddable":true,"href":"https:\/\/elreporterohgo.com\/noticias\/wp-json\/wp\/v2\/media\/46626"}],"wp:attachment":[{"href":"https:\/\/elreporterohgo.com\/noticias\/wp-json\/wp\/v2\/media?parent=46625"}],"wp:term":[{"taxonomy":"category","embeddable":true,"href":"https:\/\/elreporterohgo.com\/noticias\/wp-json\/wp\/v2\/categories?post=46625"},{"taxonomy":"post_tag","embeddable":true,"href":"https:\/\/elreporterohgo.com\/noticias\/wp-json\/wp\/v2\/tags?post=46625"}],"curies":[{"name":"wp","href":"https:\/\/api.w.org\/{rel}","templated":true}]}}