{"id":46616,"date":"2022-02-19T20:34:01","date_gmt":"2022-02-20T02:34:01","guid":{"rendered":"https:\/\/elreporterohgo.com\/noticias\/?p=46616"},"modified":"2022-02-19T20:34:02","modified_gmt":"2022-02-20T02:34:02","slug":"reunion-con-destacados-priistas","status":"publish","type":"post","link":"https:\/\/elreporterohgo.com\/noticias\/2022\/02\/19\/reunion-con-destacados-priistas\/","title":{"rendered":"Reuni\u00f3n con destacados priistas"},"content":{"rendered":"\n<ul class=\"wp-block-list\"><li>La diputada federal llam\u00f3 a la unidad y trabajo coordinado para fortalecer la presencia del partido en el estado.<\/li><li>La acompa\u00f1aron Yarely Melo Rodr\u00edguez, y el Coordinador general de su campa\u00f1a, Marco Antonio Mendoza Bustamante.<\/li><\/ul>\n\n\n\n<div class=\"wp-block-image\"><figure class=\"alignleft is-resized\"><img fetchpriority=\"high\" decoding=\"async\" src=\"https::\/\/elreporterohgo.com\/noticias\/wp-content\/uploads\/2022\/02\/Foto-1024x576.jpeg\" alt=\"\" class=\"wp-image-46617\" width=\"372\" height=\"209\" srcset=\"https:\/\/elreporterohgo.com\/noticias\/wp-content\/uploads\/2022\/02\/Foto-1024x576.jpeg 1024w, https:\/\/elreporterohgo.com\/noticias\/wp-content\/uploads\/2022\/02\/Foto-300x169.jpeg 300w, https:\/\/elreporterohgo.com\/noticias\/wp-content\/uploads\/2022\/02\/Foto-768x432.jpeg 768w, https:\/\/elreporterohgo.com\/noticias\/wp-content\/uploads\/2022\/02\/Foto.jpeg 1280w\" sizes=\"(max-width: 372px) 100vw, 372px\" \/><\/figure><\/div>\n\n\n\n<p>La secretaria general del CEN del PRI, Carolina Viggiano Austria, sostuvo una reuni\u00f3n con destacados priistas hidalguenses quienes representar\u00e1n al partido en todo el estado para la pr\u00f3xima campa\u00f1a electoral para renovar la gubernatura del estado.<\/p>\n\n\n\n<p>Acompa\u00f1ada\npor la Secretaria General del Comit\u00e9 Directivo Estatal, Yarely Melo Rodr\u00edguez;\ndel Coordinador general de su campa\u00f1a, diputado Marco Antonio Mendoza\nBustamante; del delegado general del Comit\u00e9 Ejecutivo Nacional del PRI en el\nestado, Jos\u00e9 Antonio Rojo Garc\u00eda de Alba y de Mario Armando Mendoza Guzm\u00e1n,\ndelegado pol\u00edtico especial del CEN, Viggiano Austria llam\u00f3 a los asistentes a\nsumar fuerzas dentro de este instituto para fortalecer la presencia y activismo\npol\u00edtico en este partido en el estado.<\/p>\n\n\n\n<p>Entre\nlas personalidades asistentes al encuentro destacan Jorge Rojo Garc\u00eda de Alba;\nErick Cruz; Aurelio Mar\u00edn Huazo, Fernando Moctezuma Pereda, Daniel Barrera\nMart\u00ednez, V\u00edctor Velasco Orozco, Roberto Pedraza Mart\u00ednez, Carlos Alberto Anaya\nde la Pe\u00f1a, \u00c1ngel P\u00e9rez, Reyes Flores Nolasco, Lucio Espinosa Arcadio; Miguel\n\u00c1ngel Mart\u00ednez G\u00f3mez; Francisco Gonz\u00e1lez Vargas.<\/p>\n\n\n\n<p>Tambi\u00e9n\nasistieron: Geraldina Garc\u00eda Gordillo, Ram\u00f3n Vicente Diez; Fernando Jim\u00e9nez\nUribe; On\u00e9simo Serrano Gonz\u00e1lez; Juan Carlos Alba Calder\u00f3n y Juan Jos\u00e9 Tapia. <\/p>\n","protected":false},"excerpt":{"rendered":"<p>La diputada federal llam\u00f3 a la unidad y trabajo coordinado para fortalecer la presencia del partido en el estado. La acompa\u00f1aron Yarely Melo Rodr\u00edguez, y el Coordinador general de su campa\u00f1a, Marco Antonio Mendoza Bustamante. La secretaria general del CEN del PRI, Carolina Viggiano Austria, sostuvo una reuni\u00f3n con destacados priistas hidalguenses quienes representar\u00e1n al<\/p>\n","protected":false},"author":2,"featured_media":46617,"comment_status":"open","ping_status":"closed","sticky":false,"template":"","format":"standard","meta":{"footnotes":""},"categories":[10],"tags":[],"class_list":{"0":"post-46616","1":"post","2":"type-post","3":"status-publish","4":"format-standard","5":"has-post-thumbnail","7":"category-hidalgo"},"_links":{"self":[{"href":"https:\/\/elreporterohgo.com\/noticias\/wp-json\/wp\/v2\/posts\/46616","targetHints":{"allow":["GET"]}}],"collection":[{"href":"https:\/\/elreporterohgo.com\/noticias\/wp-json\/wp\/v2\/posts"}],"about":[{"href":"https:\/\/elreporterohgo.com\/noticias\/wp-json\/wp\/v2\/types\/post"}],"author":[{"embeddable":true,"href":"https:\/\/elreporterohgo.com\/noticias\/wp-json\/wp\/v2\/users\/2"}],"replies":[{"embeddable":true,"href":"https:\/\/elreporterohgo.com\/noticias\/wp-json\/wp\/v2\/comments?post=46616"}],"version-history":[{"count":1,"href":"https:\/\/elreporterohgo.com\/noticias\/wp-json\/wp\/v2\/posts\/46616\/revisions"}],"predecessor-version":[{"id":46618,"href":"https:\/\/elreporterohgo.com\/noticias\/wp-json\/wp\/v2\/posts\/46616\/revisions\/46618"}],"wp:featuredmedia":[{"embeddable":true,"href":"https:\/\/elreporterohgo.com\/noticias\/wp-json\/wp\/v2\/media\/46617"}],"wp:attachment":[{"href":"https:\/\/elreporterohgo.com\/noticias\/wp-json\/wp\/v2\/media?parent=46616"}],"wp:term":[{"taxonomy":"category","embeddable":true,"href":"https:\/\/elreporterohgo.com\/noticias\/wp-json\/wp\/v2\/categories?post=46616"},{"taxonomy":"post_tag","embeddable":true,"href":"https:\/\/elreporterohgo.com\/noticias\/wp-json\/wp\/v2\/tags?post=46616"}],"curies":[{"name":"wp","href":"https:\/\/api.w.org\/{rel}","templated":true}]}}