{"id":46610,"date":"2022-02-19T00:42:20","date_gmt":"2022-02-19T06:42:20","guid":{"rendered":"https:\/\/elreporterohgo.com\/noticias\/?p=46610"},"modified":"2022-02-19T00:42:22","modified_gmt":"2022-02-19T06:42:22","slug":"presuntos-violadores-ya-estan-tras-las-rejas","status":"publish","type":"post","link":"https:\/\/elreporterohgo.com\/noticias\/2022\/02\/19\/presuntos-violadores-ya-estan-tras-las-rejas\/","title":{"rendered":"Presuntos violadores ya est\u00e1n tras las rejas"},"content":{"rendered":"\n<figure class=\"wp-block-image\"><img fetchpriority=\"high\" decoding=\"async\" width=\"888\" height=\"608\" src=\"https::\/\/elreporterohgo.com\/noticias\/wp-content\/uploads\/2022\/02\/00000-2.jpg\" alt=\"\" class=\"wp-image-46611\" srcset=\"https:\/\/elreporterohgo.com\/noticias\/wp-content\/uploads\/2022\/02\/00000-2.jpg 888w, https:\/\/elreporterohgo.com\/noticias\/wp-content\/uploads\/2022\/02\/00000-2-300x205.jpg 300w, https:\/\/elreporterohgo.com\/noticias\/wp-content\/uploads\/2022\/02\/00000-2-768x526.jpg 768w\" sizes=\"(max-width: 888px) 100vw, 888px\" \/><\/figure>\n\n\n\n<p>En diferentes municipios<\/p>\n\n\n\n<p>Dos sujetes que presuntamente incurrieron en el delito de violaci\u00f3n,\nya fueron detenidos y vinculados a proceso para que se investigue y se aplique\nejemplar castigo.<\/p>\n\n\n\n<p>Por violaci\u00f3n equiparada agravada vinculan a proceso a una<\/p>\n\n\n\n<p>Persona, quien permanece en prisi\u00f3n preventiva oficiosa.<\/p>\n\n\n\n<p>Los hechos que se le imputan a Alfonso \u201cN\u201d, ocurrieron el 15\nde mayo del 2021, cuando la v\u00edctima menor de edad fue agredida sexualmente, en\nHuichapan.<\/p>\n\n\n\n<p>Una vez que esta representaci\u00f3n social tuvo conocimiento de\nlo ocurrido, comenz\u00f3 las indagatorias y solicit\u00f3 al juez de control la orden de\naprehensi\u00f3n contra el probable responsable, mismo que fue concedida y m\u00e1s tarde\ncumplimentada por agentes de la Divisi\u00f3n de investigaci\u00f3n.<\/p>\n\n\n\n<p>El agente del Ministerio P\u00fablico formul\u00f3 la imputaci\u00f3n y\nobtuvo del juez de control la vinculaci\u00f3n a proceso del probable, por los\nhechos antes mencionados. As\u00ed como medida cautelar, al probable se le fij\u00f3 la\nprisi\u00f3n preventiva oficiosa.<\/p>\n\n\n\n<p>HUEJUTLA<\/p>\n\n\n\n<p>En Huejutla de Reyes una persona enfrenta proceso penal por violaci\u00f3n\nequiparada agravada.<\/p>\n\n\n\n<p>Una agente del Ministerio P\u00fablico con adscripci\u00f3n a la\nSubprocuradur\u00eda de delitos de g\u00e9nero, desaparici\u00f3n de personas e impacto social\nde la Procuradur\u00eda General de Justicia del Estado de Hidalgo (PGJEH), acredit\u00f3\nante la autoridad judicial la probable responsabilidad de una persona en hechos\nque la ley establece como violaci\u00f3n equiparada agravada.<\/p>\n\n\n\n<p>Los sucesos que le fueron imputados al probable, identificado\ncomo Fausto \u201cN\u201d, ocurrieron en un domicilio de Huejutla de Reyes, cuando una\npersona agraviada fue agredida sexualmente.<\/p>\n\n\n\n<p>Derivado de lo ocurrido y de la denuncia ante esta representaci\u00f3n\nsocial, se inici\u00f3 la carpeta de investigaci\u00f3n correspondiente, de manera\nsimult\u00e1nea la v\u00edctima recibi\u00f3 atenci\u00f3n multidisciplinaria por parte de un\nequipo multidisciplinario.<\/p>\n\n\n\n<p>La agente del Ministerio P\u00fablico encargada de la\ninvestigaci\u00f3n recab\u00f3 los datos de prueba necesarios y los present\u00f3 ante un juez\nde control en audiencia inicial.<\/p>\n\n\n\n<p>La autoridad que determin\u00f3 dictar la vinculaci\u00f3n a proceso\npara el imputado, por hechos que la ley establece como violaci\u00f3n equiparada\nagravada.<\/p>\n\n\n\n<p>Fausto \u201cN\u201d se encuentra bajo la medida cautelar de prisi\u00f3n\npreventiva oficiosa.<\/p>\n","protected":false},"excerpt":{"rendered":"<p>En diferentes municipios Dos sujetes que presuntamente incurrieron en el delito de violaci\u00f3n, ya fueron detenidos y vinculados a proceso para que se investigue y se aplique ejemplar castigo. Por violaci\u00f3n equiparada agravada vinculan a proceso a una Persona, quien permanece en prisi\u00f3n preventiva oficiosa. Los hechos que se le imputan a Alfonso \u201cN\u201d, ocurrieron<\/p>\n","protected":false},"author":2,"featured_media":46611,"comment_status":"open","ping_status":"closed","sticky":false,"template":"","format":"standard","meta":{"footnotes":""},"categories":[10],"tags":[],"class_list":{"0":"post-46610","1":"post","2":"type-post","3":"status-publish","4":"format-standard","5":"has-post-thumbnail","7":"category-hidalgo"},"_links":{"self":[{"href":"https:\/\/elreporterohgo.com\/noticias\/wp-json\/wp\/v2\/posts\/46610","targetHints":{"allow":["GET"]}}],"collection":[{"href":"https:\/\/elreporterohgo.com\/noticias\/wp-json\/wp\/v2\/posts"}],"about":[{"href":"https:\/\/elreporterohgo.com\/noticias\/wp-json\/wp\/v2\/types\/post"}],"author":[{"embeddable":true,"href":"https:\/\/elreporterohgo.com\/noticias\/wp-json\/wp\/v2\/users\/2"}],"replies":[{"embeddable":true,"href":"https:\/\/elreporterohgo.com\/noticias\/wp-json\/wp\/v2\/comments?post=46610"}],"version-history":[{"count":1,"href":"https:\/\/elreporterohgo.com\/noticias\/wp-json\/wp\/v2\/posts\/46610\/revisions"}],"predecessor-version":[{"id":46612,"href":"https:\/\/elreporterohgo.com\/noticias\/wp-json\/wp\/v2\/posts\/46610\/revisions\/46612"}],"wp:featuredmedia":[{"embeddable":true,"href":"https:\/\/elreporterohgo.com\/noticias\/wp-json\/wp\/v2\/media\/46611"}],"wp:attachment":[{"href":"https:\/\/elreporterohgo.com\/noticias\/wp-json\/wp\/v2\/media?parent=46610"}],"wp:term":[{"taxonomy":"category","embeddable":true,"href":"https:\/\/elreporterohgo.com\/noticias\/wp-json\/wp\/v2\/categories?post=46610"},{"taxonomy":"post_tag","embeddable":true,"href":"https:\/\/elreporterohgo.com\/noticias\/wp-json\/wp\/v2\/tags?post=46610"}],"curies":[{"name":"wp","href":"https:\/\/api.w.org\/{rel}","templated":true}]}}