{"id":46594,"date":"2022-02-18T12:13:10","date_gmt":"2022-02-18T18:13:10","guid":{"rendered":"https:\/\/elreporterohgo.com\/noticias\/?p=46594"},"modified":"2022-02-18T12:16:07","modified_gmt":"2022-02-18T18:16:07","slug":"suministro-de-energia-electrica-debe-ser-un-derecho-garantizado-e-irrenunciable","status":"publish","type":"post","link":"https:\/\/elreporterohgo.com\/noticias\/2022\/02\/18\/suministro-de-energia-electrica-debe-ser-un-derecho-garantizado-e-irrenunciable\/","title":{"rendered":"Suministro de energ\u00eda el\u00e9ctrica debe ser un derecho garantizado e irrenunciable"},"content":{"rendered":"\n<figure class=\"wp-block-image\"><img fetchpriority=\"high\" decoding=\"async\" width=\"1024\" height=\"599\" src=\"https::\/\/elreporterohgo.com\/noticias\/wp-content\/uploads\/2022\/02\/c4372a6d-d9af-4bd2-a7e2-d0b62a40173b-1024x599.jpg\" alt=\"\" class=\"wp-image-46597\" srcset=\"https:\/\/elreporterohgo.com\/noticias\/wp-content\/uploads\/2022\/02\/c4372a6d-d9af-4bd2-a7e2-d0b62a40173b-1024x599.jpg 1024w, https:\/\/elreporterohgo.com\/noticias\/wp-content\/uploads\/2022\/02\/c4372a6d-d9af-4bd2-a7e2-d0b62a40173b-300x176.jpg 300w, https:\/\/elreporterohgo.com\/noticias\/wp-content\/uploads\/2022\/02\/c4372a6d-d9af-4bd2-a7e2-d0b62a40173b-768x449.jpg 768w, https:\/\/elreporterohgo.com\/noticias\/wp-content\/uploads\/2022\/02\/c4372a6d-d9af-4bd2-a7e2-d0b62a40173b.jpg 1600w\" sizes=\"(max-width: 1024px) 100vw, 1024px\" \/><\/figure>\n\n\n\n<figure class=\"wp-block-image\"><img decoding=\"async\" width=\"1024\" height=\"575\" src=\"https::\/\/elreporterohgo.com\/noticias\/wp-content\/uploads\/2022\/02\/WhatsApp-Image-2022-02-10-at-7.29.54-PM-1024x575.jpeg\" alt=\"\" class=\"wp-image-46595\" srcset=\"https:\/\/elreporterohgo.com\/noticias\/wp-content\/uploads\/2022\/02\/WhatsApp-Image-2022-02-10-at-7.29.54-PM-1024x575.jpeg 1024w, https:\/\/elreporterohgo.com\/noticias\/wp-content\/uploads\/2022\/02\/WhatsApp-Image-2022-02-10-at-7.29.54-PM-300x168.jpeg 300w, https:\/\/elreporterohgo.com\/noticias\/wp-content\/uploads\/2022\/02\/WhatsApp-Image-2022-02-10-at-7.29.54-PM-768x431.jpeg 768w, https:\/\/elreporterohgo.com\/noticias\/wp-content\/uploads\/2022\/02\/WhatsApp-Image-2022-02-10-at-7.29.54-PM.jpeg 1600w\" sizes=\"(max-width: 1024px) 100vw, 1024px\" \/><\/figure>\n\n\n\n<p><strong>Impulsa propuesta Carolina Viggiano<\/strong><\/p>\n\n\n\n<p>La legisladora del PRI present\u00f3 una iniciativa para reconocer constitucionalmente, como un derecho de todas las personas, el acceso suficiente, oportuno y continuo a la electricidad. <\/p>\n\n\n\n<p>Expuso que la energ\u00eda el\u00e9ctrica acorta las desigualdades, promueve el mejoramiento educativo, fortalece la inclusi\u00f3n e incentiva la econom\u00eda.<\/p>\n\n\n\n<p>Ciudad de M\u00e9xico.- &nbsp;La energ\u00eda el\u00e9ctrica es uno de los factores\nque otorga a una naci\u00f3n el desarrollo, permite dise\u00f1ar el crecimiento de su\npoblaci\u00f3n y ser promotor de la erradicaci\u00f3n de la pobreza, asegur\u00f3 la diputada\nfederal, Carolina Viggiano Austria, motivo por el que present\u00f3 una iniciativa\npara reconocer en la Constituci\u00f3n Pol\u00edtica de los Estados Unidos Mexicanos,\ncomo un derecho de todas las personas, el acceso suficiente, oportuno y\ncontinuo al suministro de electricidad para la subsistencia.<\/p>\n\n\n\n<p>Por lo anterior, la integrante del Grupo\nParlamentario del Partido Revolucionario Institucional (GPPRI) plante\u00f3 incluir\nun p\u00e1rrafo s\u00e9ptimo en el art\u00edculo 4 de nuestra Constituci\u00f3n General, para que\nel Estado garantice las condiciones para el servicio a trav\u00e9s de una tarifa\nsocial justa, o bien de medidas de auto generaci\u00f3n y auto abasto individual o\ncomunitario. <\/p>\n\n\n\n<p>Desde la tribuna del Palacio de San L\u00e1zaro,\nexpuso que la energ\u00eda el\u00e9ctrica representa un papel prioritario en M\u00e9xico, que\nacorta las desigualdades, promueve el mejoramiento educativo, fortalece la\ninclusi\u00f3n en el acceso de servicios b\u00e1sicos e incentiva la econom\u00eda. Subray\u00f3\nque, como elemento indispensable para la prosperidad, resulta inminente no considerarlo\ncomo un Derecho irrenunciable.<\/p>\n\n\n\n<p>Viggiano Austria puntualiz\u00f3 que garantizar el\nacceso al suministro el\u00e9ctrico constituye la oportunidad para lograr una\ntransici\u00f3n energ\u00e9tica, en la que, anot\u00f3, sean observables est\u00e1ndares como la\nreducci\u00f3n de energ\u00eda primaria de recursos contaminantes y privilegiar fuentes\nde energ\u00eda limpias, como la solar o e\u00f3lica.<\/p>\n\n\n\n<p>Tras recordar que, en M\u00e9xico, hay dos\nmillones de personas que no tienen acceso al servicio, mencion\u00f3 que nuestro\npa\u00eds tiene compromisos internacionales, de aqu\u00ed al 2030, para aumentar la\nproporci\u00f3n renovable, duplicar la tasa de mejora de la eficiencia energ\u00e9tica,\nas\u00ed como ampliar la infraestructura y mejorar la tecnolog\u00eda para prestar\nservicios en la materia, modernos y sostenibles.<\/p>\n\n\n\n<p>La representante del partido tricolor por\nHidalgo sostuvo que M\u00e9xico tiene la posibilidad de hacer historia en beneficio\nde su naci\u00f3n, en virtud que posee marcos jur\u00eddicos a la altura de los\ncompromisos, para decretar que el suministro de la energ\u00eda el\u00e9ctrica podr\u00eda\nconsiderarse como un derecho humano.\n\n==\n\n\n\n<\/p>\n","protected":false},"excerpt":{"rendered":"<p>Impulsa propuesta Carolina Viggiano La legisladora del PRI present\u00f3 una iniciativa para reconocer constitucionalmente, como un derecho de todas las personas, el acceso suficiente, oportuno y continuo a la electricidad. Expuso que la energ\u00eda el\u00e9ctrica acorta las desigualdades, promueve el mejoramiento educativo, fortalece la inclusi\u00f3n e incentiva la econom\u00eda. Ciudad de M\u00e9xico.- &nbsp;La energ\u00eda el\u00e9ctrica<\/p>\n","protected":false},"author":2,"featured_media":46597,"comment_status":"open","ping_status":"closed","sticky":false,"template":"","format":"standard","meta":{"footnotes":""},"categories":[10],"tags":[],"class_list":{"0":"post-46594","1":"post","2":"type-post","3":"status-publish","4":"format-standard","5":"has-post-thumbnail","7":"category-hidalgo"},"_links":{"self":[{"href":"https:\/\/elreporterohgo.com\/noticias\/wp-json\/wp\/v2\/posts\/46594","targetHints":{"allow":["GET"]}}],"collection":[{"href":"https:\/\/elreporterohgo.com\/noticias\/wp-json\/wp\/v2\/posts"}],"about":[{"href":"https:\/\/elreporterohgo.com\/noticias\/wp-json\/wp\/v2\/types\/post"}],"author":[{"embeddable":true,"href":"https:\/\/elreporterohgo.com\/noticias\/wp-json\/wp\/v2\/users\/2"}],"replies":[{"embeddable":true,"href":"https:\/\/elreporterohgo.com\/noticias\/wp-json\/wp\/v2\/comments?post=46594"}],"version-history":[{"count":2,"href":"https:\/\/elreporterohgo.com\/noticias\/wp-json\/wp\/v2\/posts\/46594\/revisions"}],"predecessor-version":[{"id":46598,"href":"https:\/\/elreporterohgo.com\/noticias\/wp-json\/wp\/v2\/posts\/46594\/revisions\/46598"}],"wp:featuredmedia":[{"embeddable":true,"href":"https:\/\/elreporterohgo.com\/noticias\/wp-json\/wp\/v2\/media\/46597"}],"wp:attachment":[{"href":"https:\/\/elreporterohgo.com\/noticias\/wp-json\/wp\/v2\/media?parent=46594"}],"wp:term":[{"taxonomy":"category","embeddable":true,"href":"https:\/\/elreporterohgo.com\/noticias\/wp-json\/wp\/v2\/categories?post=46594"},{"taxonomy":"post_tag","embeddable":true,"href":"https:\/\/elreporterohgo.com\/noticias\/wp-json\/wp\/v2\/tags?post=46594"}],"curies":[{"name":"wp","href":"https:\/\/api.w.org\/{rel}","templated":true}]}}