{"id":46582,"date":"2022-02-18T10:10:10","date_gmt":"2022-02-18T16:10:10","guid":{"rendered":"https:\/\/elreporterohgo.com\/noticias\/?p=46582"},"modified":"2022-02-18T10:10:11","modified_gmt":"2022-02-18T16:10:11","slug":"cayo-un-ladron-con-trailer-robado-y-cargado-de-azulejo","status":"publish","type":"post","link":"https:\/\/elreporterohgo.com\/noticias\/2022\/02\/18\/cayo-un-ladron-con-trailer-robado-y-cargado-de-azulejo\/","title":{"rendered":"Cay\u00f3 un ladr\u00f3n con tr\u00e1iler robado y cargado de azulejo"},"content":{"rendered":"\n<figure class=\"wp-block-image\"><img fetchpriority=\"high\" decoding=\"async\" width=\"1024\" height=\"791\" src=\"https::\/\/elreporterohgo.com\/noticias\/wp-content\/uploads\/2022\/02\/aarobos-2-1024x791.jpg\" alt=\"\" class=\"wp-image-46583\" srcset=\"https:\/\/elreporterohgo.com\/noticias\/wp-content\/uploads\/2022\/02\/aarobos-2-1024x791.jpg 1024w, https:\/\/elreporterohgo.com\/noticias\/wp-content\/uploads\/2022\/02\/aarobos-2-300x232.jpg 300w, https:\/\/elreporterohgo.com\/noticias\/wp-content\/uploads\/2022\/02\/aarobos-2-768x593.jpg 768w, https:\/\/elreporterohgo.com\/noticias\/wp-content\/uploads\/2022\/02\/aarobos-2.jpg 1650w\" sizes=\"(max-width: 1024px) 100vw, 1024px\" \/><\/figure>\n\n\n\n<p>En acciones de coordinaci\u00f3n operativa, la Secretar\u00eda de Seguridad P\u00fablica de Hidalgo y la Polic\u00eda Municipal de Atotonilco de Tula recuperaron un tractocami\u00f3n cargado con varias toneladas de azulejo, reportado como robado, adem\u00e1s de la detenci\u00f3n de un individuo.<\/p>\n\n\n\n<p>La unidad de carga marca Freigthliner, color blanco, con placas del servicio p\u00fablico federal, fue asegurada en la comunidad de B\u00f3vedas, sitio donde se llev\u00f3 a cabo el arresto de quien dijo llamarse G.F.G., de 34 a\u00f1os, originario del municipio de Jilotepec, Estado de M\u00e9xico.<\/p>\n\n\n\n<p>Asimismo, en la carretera interestatal, Atitalaquia-Apaxco, a la altura de la comunidad de El Refugio, en los l\u00edmites de Hidalgo y Estado de M\u00e9xico, agentes estatales localizaron abandonada la plataforma cargada con el material de construcci\u00f3n.<\/p>\n\n\n\n<p>El veh\u00edculo, la mercanc\u00eda y la persona detenida quedaron a disposici\u00f3n de la Fiscal\u00eda General de la Rep\u00fablica, mediante su representaci\u00f3n en Hidalgo, para el desarrollo de las investigaciones en consecuencia.<\/p>\n\n\n\n<p>La Secretar\u00eda de Seguridad P\u00fablica de Hidalgo reitera el llamado a la ciudadan\u00eda para contribuir con estas acciones, realizando reportes mediante el 911 de Emergencias y\/o al 089 para Denuncia An\u00f3nima.<\/p>\n","protected":false},"excerpt":{"rendered":"<p>En acciones de coordinaci\u00f3n operativa, la Secretar\u00eda de Seguridad P\u00fablica de Hidalgo y la Polic\u00eda Municipal de Atotonilco de Tula recuperaron un tractocami\u00f3n cargado con varias toneladas de azulejo, reportado como robado, adem\u00e1s de la detenci\u00f3n de un individuo. La unidad de carga marca Freigthliner, color blanco, con placas del servicio p\u00fablico federal, fue asegurada<\/p>\n","protected":false},"author":2,"featured_media":46583,"comment_status":"open","ping_status":"closed","sticky":false,"template":"","format":"standard","meta":{"footnotes":""},"categories":[10],"tags":[],"class_list":{"0":"post-46582","1":"post","2":"type-post","3":"status-publish","4":"format-standard","5":"has-post-thumbnail","7":"category-hidalgo"},"_links":{"self":[{"href":"https:\/\/elreporterohgo.com\/noticias\/wp-json\/wp\/v2\/posts\/46582","targetHints":{"allow":["GET"]}}],"collection":[{"href":"https:\/\/elreporterohgo.com\/noticias\/wp-json\/wp\/v2\/posts"}],"about":[{"href":"https:\/\/elreporterohgo.com\/noticias\/wp-json\/wp\/v2\/types\/post"}],"author":[{"embeddable":true,"href":"https:\/\/elreporterohgo.com\/noticias\/wp-json\/wp\/v2\/users\/2"}],"replies":[{"embeddable":true,"href":"https:\/\/elreporterohgo.com\/noticias\/wp-json\/wp\/v2\/comments?post=46582"}],"version-history":[{"count":1,"href":"https:\/\/elreporterohgo.com\/noticias\/wp-json\/wp\/v2\/posts\/46582\/revisions"}],"predecessor-version":[{"id":46584,"href":"https:\/\/elreporterohgo.com\/noticias\/wp-json\/wp\/v2\/posts\/46582\/revisions\/46584"}],"wp:featuredmedia":[{"embeddable":true,"href":"https:\/\/elreporterohgo.com\/noticias\/wp-json\/wp\/v2\/media\/46583"}],"wp:attachment":[{"href":"https:\/\/elreporterohgo.com\/noticias\/wp-json\/wp\/v2\/media?parent=46582"}],"wp:term":[{"taxonomy":"category","embeddable":true,"href":"https:\/\/elreporterohgo.com\/noticias\/wp-json\/wp\/v2\/categories?post=46582"},{"taxonomy":"post_tag","embeddable":true,"href":"https:\/\/elreporterohgo.com\/noticias\/wp-json\/wp\/v2\/tags?post=46582"}],"curies":[{"name":"wp","href":"https:\/\/api.w.org\/{rel}","templated":true}]}}