{"id":46558,"date":"2022-02-17T07:33:55","date_gmt":"2022-02-17T13:33:55","guid":{"rendered":"https:\/\/elreporterohgo.com\/noticias\/?p=46558"},"modified":"2022-02-17T08:08:53","modified_gmt":"2022-02-17T14:08:53","slug":"pavoroso-incendio-consume-una-vivienda","status":"publish","type":"post","link":"https:\/\/elreporterohgo.com\/noticias\/2022\/02\/17\/pavoroso-incendio-consume-una-vivienda\/","title":{"rendered":"Pavoroso incendio consume una vivienda"},"content":{"rendered":"\n<figure class=\"wp-block-image\"><img fetchpriority=\"high\" decoding=\"async\" width=\"586\" height=\"445\" src=\"https::\/\/elreporterohgo.com\/noticias\/wp-content\/uploads\/2022\/02\/aaincendio-2.jpg\" alt=\"\" class=\"wp-image-46559\" srcset=\"https:\/\/elreporterohgo.com\/noticias\/wp-content\/uploads\/2022\/02\/aaincendio-2.jpg 586w, https:\/\/elreporterohgo.com\/noticias\/wp-content\/uploads\/2022\/02\/aaincendio-2-300x228.jpg 300w\" sizes=\"(max-width: 586px) 100vw, 586px\" \/><\/figure>\n\n\n\n<p>Todo est\u00e1 bajo control y no hay v\u00edctimas<\/p>\n\n\n\n<p>Por Juan Sabino Cruz<\/p>\n\n\n\n<p>CIUDAD SAHAGUN.- Pavoroso incendio se registr\u00f3 esta ma\u00f1ana en\nuna vivienda de esta industrial ciudad, afortunadamente no hay v\u00edctimas y todo\nqued\u00f3 en da\u00f1os materiales.<\/p>\n\n\n\n<p>Seguidores de EL REPORTERO explicaron que el siniestro ocurri\u00f3 entre 06:00 y 06:30 de esta ma\u00f1ana, en una vivienda localizada entre las calles Hidalgo y Vicente Guerrero.<\/p>\n\n\n\n<p><a href=\"https:s:\/\/www.facebook.com\/juansabino.cruzpelcastre\/videos\/479430277103598\">https:s:\/\/www.facebook.com\/juansabino.cruzpelcastre\/videos\/479430277103598<\/a><\/p>\n\n\n\n<p>Explicaron que con oportunidad acudi\u00f3 el equipo de Protecci\u00f3n\nCivil, lamentablemente, lamentablemente el equipo de trabajo les jugo una mala\npasada en virtud que no quer\u00eda arrancar la bomba para lanzar a presi\u00f3n el agua.<\/p>\n\n\n\n<p>Al momento el fuego qued\u00f3 sofocado, fueron retirados los\nescombros, no hay v\u00edctimas, ahora todo quedo en da\u00f1os materiales.<\/p>\n\n\n\n<p>Gracias a nuestros lectores, seguidores y amigos en general\nque nos comparten su informaci\u00f3n. <\/p>\n","protected":false},"excerpt":{"rendered":"<p>Todo est\u00e1 bajo control y no hay v\u00edctimas Por Juan Sabino Cruz CIUDAD SAHAGUN.- Pavoroso incendio se registr\u00f3 esta ma\u00f1ana en una vivienda de esta industrial ciudad, afortunadamente no hay v\u00edctimas y todo qued\u00f3 en da\u00f1os materiales. Seguidores de EL REPORTERO explicaron que el siniestro ocurri\u00f3 entre 06:00 y 06:30 de esta ma\u00f1ana, en una<\/p>\n","protected":false},"author":2,"featured_media":46559,"comment_status":"open","ping_status":"closed","sticky":false,"template":"","format":"standard","meta":{"footnotes":""},"categories":[10],"tags":[],"class_list":{"0":"post-46558","1":"post","2":"type-post","3":"status-publish","4":"format-standard","5":"has-post-thumbnail","7":"category-hidalgo"},"_links":{"self":[{"href":"https:\/\/elreporterohgo.com\/noticias\/wp-json\/wp\/v2\/posts\/46558","targetHints":{"allow":["GET"]}}],"collection":[{"href":"https:\/\/elreporterohgo.com\/noticias\/wp-json\/wp\/v2\/posts"}],"about":[{"href":"https:\/\/elreporterohgo.com\/noticias\/wp-json\/wp\/v2\/types\/post"}],"author":[{"embeddable":true,"href":"https:\/\/elreporterohgo.com\/noticias\/wp-json\/wp\/v2\/users\/2"}],"replies":[{"embeddable":true,"href":"https:\/\/elreporterohgo.com\/noticias\/wp-json\/wp\/v2\/comments?post=46558"}],"version-history":[{"count":2,"href":"https:\/\/elreporterohgo.com\/noticias\/wp-json\/wp\/v2\/posts\/46558\/revisions"}],"predecessor-version":[{"id":46561,"href":"https:\/\/elreporterohgo.com\/noticias\/wp-json\/wp\/v2\/posts\/46558\/revisions\/46561"}],"wp:featuredmedia":[{"embeddable":true,"href":"https:\/\/elreporterohgo.com\/noticias\/wp-json\/wp\/v2\/media\/46559"}],"wp:attachment":[{"href":"https:\/\/elreporterohgo.com\/noticias\/wp-json\/wp\/v2\/media?parent=46558"}],"wp:term":[{"taxonomy":"category","embeddable":true,"href":"https:\/\/elreporterohgo.com\/noticias\/wp-json\/wp\/v2\/categories?post=46558"},{"taxonomy":"post_tag","embeddable":true,"href":"https:\/\/elreporterohgo.com\/noticias\/wp-json\/wp\/v2\/tags?post=46558"}],"curies":[{"name":"wp","href":"https:\/\/api.w.org\/{rel}","templated":true}]}}