{"id":46551,"date":"2022-02-16T14:47:44","date_gmt":"2022-02-16T20:47:44","guid":{"rendered":"https:\/\/elreporterohgo.com\/noticias\/?p=46551"},"modified":"2022-02-16T14:47:46","modified_gmt":"2022-02-16T20:47:46","slug":"nombramientos-en-el-cde-del-pri","status":"publish","type":"post","link":"https:\/\/elreporterohgo.com\/noticias\/2022\/02\/16\/nombramientos-en-el-cde-del-pri\/","title":{"rendered":"Nombramientos en el CDE del PRI"},"content":{"rendered":"\n<p>PACHUCA, Hgo.- El Comit\u00e9 Directivo Estatal del Partido Revolucionario Institucional (PRI), encabezado por Julio Manuel Valera Piedras y Yarely Melo Rodr\u00edguez, anuncia m\u00e1s cambios al interior del partido tricolor, en el que Jorge Erick P\u00e9rez P\u00e9rez estar\u00e1 a cargo de la Secretar\u00eda de Operaci\u00f3n Pol\u00edtica; Jos\u00e9 Manuel Escalante Mart\u00ednez dirigir\u00e1 la Secretar\u00eda Jur\u00eddica y de Transparencia; y \u00d3scar P\u00e9rez M\u00e1rquez estar\u00e1 como titular \u00a0de la Coordinaci\u00f3n Estatal de Regidoras, Regidores, S\u00edndicas y S\u00edndicos Priistas, esto con la finalidad de fortalecer el trabajo al interior de este instituto pol\u00edtico y con miras a la campa\u00f1a electoral que se avecina.<\/p>\n\n\n\n<figure class=\"wp-block-image\"><img fetchpriority=\"high\" decoding=\"async\" width=\"821\" height=\"1024\" src=\"https::\/\/elreporterohgo.com\/noticias\/wp-content\/uploads\/2022\/02\/Foto-1-821x1024.jpg\" alt=\"\" class=\"wp-image-46552\" srcset=\"https:\/\/elreporterohgo.com\/noticias\/wp-content\/uploads\/2022\/02\/Foto-1-821x1024.jpg 821w, https:\/\/elreporterohgo.com\/noticias\/wp-content\/uploads\/2022\/02\/Foto-1-241x300.jpg 241w, https:\/\/elreporterohgo.com\/noticias\/wp-content\/uploads\/2022\/02\/Foto-1-768x958.jpg 768w\" sizes=\"(max-width: 821px) 100vw, 821px\" \/><\/figure>\n","protected":false},"excerpt":{"rendered":"<p>PACHUCA, Hgo.- El Comit\u00e9 Directivo Estatal del Partido Revolucionario Institucional (PRI), encabezado por Julio Manuel Valera Piedras y Yarely Melo Rodr\u00edguez, anuncia m\u00e1s cambios al interior del partido tricolor, en el que Jorge Erick P\u00e9rez P\u00e9rez estar\u00e1 a cargo de la Secretar\u00eda de Operaci\u00f3n Pol\u00edtica; Jos\u00e9 Manuel Escalante Mart\u00ednez dirigir\u00e1 la Secretar\u00eda Jur\u00eddica y de<\/p>\n","protected":false},"author":2,"featured_media":46552,"comment_status":"open","ping_status":"closed","sticky":false,"template":"","format":"standard","meta":{"footnotes":""},"categories":[10],"tags":[],"class_list":{"0":"post-46551","1":"post","2":"type-post","3":"status-publish","4":"format-standard","5":"has-post-thumbnail","7":"category-hidalgo"},"_links":{"self":[{"href":"https:\/\/elreporterohgo.com\/noticias\/wp-json\/wp\/v2\/posts\/46551","targetHints":{"allow":["GET"]}}],"collection":[{"href":"https:\/\/elreporterohgo.com\/noticias\/wp-json\/wp\/v2\/posts"}],"about":[{"href":"https:\/\/elreporterohgo.com\/noticias\/wp-json\/wp\/v2\/types\/post"}],"author":[{"embeddable":true,"href":"https:\/\/elreporterohgo.com\/noticias\/wp-json\/wp\/v2\/users\/2"}],"replies":[{"embeddable":true,"href":"https:\/\/elreporterohgo.com\/noticias\/wp-json\/wp\/v2\/comments?post=46551"}],"version-history":[{"count":1,"href":"https:\/\/elreporterohgo.com\/noticias\/wp-json\/wp\/v2\/posts\/46551\/revisions"}],"predecessor-version":[{"id":46553,"href":"https:\/\/elreporterohgo.com\/noticias\/wp-json\/wp\/v2\/posts\/46551\/revisions\/46553"}],"wp:featuredmedia":[{"embeddable":true,"href":"https:\/\/elreporterohgo.com\/noticias\/wp-json\/wp\/v2\/media\/46552"}],"wp:attachment":[{"href":"https:\/\/elreporterohgo.com\/noticias\/wp-json\/wp\/v2\/media?parent=46551"}],"wp:term":[{"taxonomy":"category","embeddable":true,"href":"https:\/\/elreporterohgo.com\/noticias\/wp-json\/wp\/v2\/categories?post=46551"},{"taxonomy":"post_tag","embeddable":true,"href":"https:\/\/elreporterohgo.com\/noticias\/wp-json\/wp\/v2\/tags?post=46551"}],"curies":[{"name":"wp","href":"https:\/\/api.w.org\/{rel}","templated":true}]}}