{"id":46548,"date":"2022-02-16T14:35:27","date_gmt":"2022-02-16T20:35:27","guid":{"rendered":"https:\/\/elreporterohgo.com\/noticias\/?p=46548"},"modified":"2022-02-16T14:35:29","modified_gmt":"2022-02-16T20:35:29","slug":"inai-no-tiene-facultades-para-investigar-a-loret","status":"publish","type":"post","link":"https:\/\/elreporterohgo.com\/noticias\/2022\/02\/16\/inai-no-tiene-facultades-para-investigar-a-loret\/","title":{"rendered":"INAI no tiene facultades para investigar a Loret"},"content":{"rendered":"\n<figure class=\"wp-block-image\"><img fetchpriority=\"high\" decoding=\"async\" width=\"1024\" height=\"529\" src=\"https::\/\/elreporterohgo.com\/noticias\/wp-content\/uploads\/2022\/02\/inai-batea-amlo-facultades-investigar-loret-1024x529.jpg\" alt=\"\" class=\"wp-image-46549\" srcset=\"https:\/\/elreporterohgo.com\/noticias\/wp-content\/uploads\/2022\/02\/inai-batea-amlo-facultades-investigar-loret-1024x529.jpg 1024w, https:\/\/elreporterohgo.com\/noticias\/wp-content\/uploads\/2022\/02\/inai-batea-amlo-facultades-investigar-loret-300x155.jpg 300w, https:\/\/elreporterohgo.com\/noticias\/wp-content\/uploads\/2022\/02\/inai-batea-amlo-facultades-investigar-loret-768x397.jpg 768w, https:\/\/elreporterohgo.com\/noticias\/wp-content\/uploads\/2022\/02\/inai-batea-amlo-facultades-investigar-loret.jpg 1200w\" sizes=\"(max-width: 1024px) 100vw, 1024px\" \/><\/figure>\n\n\n\n<p>El Instituto Nacional de Transparencia, Acceso a la Informaci\u00f3n y Protecci\u00f3n de Datos Personales (<strong>INAI<\/strong>) respondi\u00f3 este mi\u00e9rcoles la solicitud que el presidente\u00a0<strong>Andr\u00e9s Manuel L\u00f3pez Obrador<\/strong>\u00a0realiz\u00f3 sobre los ingresos del periodista\u00a0<strong>Carlos Loret de Mola<\/strong>. <\/p>\n\n\n\n<p> \u201cEn referencia a su petici\u00f3n consistente en que este instituto lleve a cabo una investigaci\u00f3n para hacer p\u00fablicas las percepciones, los bienes y el origen de la riqueza que posee el se\u00f1or\u00a0<strong>Carlos Loret de Mola<\/strong>, socios y familiares. Se le informa que el\u00a0<strong>INAI<\/strong>\u00a0no cuenta con facultades constitucionales ni legales para realizar investigaciones como la solicitada\u201d, ley\u00f3 la comisionada presidenta del instituto, Blanca Lilia Ibarra<a href=\"https:s:\/\/www.youtube.com\/watch?v=PUVZeJ9PJ7o\">.<\/a><\/p>\n\n\n\n<p>*Informaci\u00f3n en proceso*<\/p>\n","protected":false},"excerpt":{"rendered":"<p>El Instituto Nacional de Transparencia, Acceso a la Informaci\u00f3n y Protecci\u00f3n de Datos Personales (INAI) respondi\u00f3 este mi\u00e9rcoles la solicitud que el presidente\u00a0Andr\u00e9s Manuel L\u00f3pez Obrador\u00a0realiz\u00f3 sobre los ingresos del periodista\u00a0Carlos Loret de Mola. \u201cEn referencia a su petici\u00f3n consistente en que este instituto lleve a cabo una investigaci\u00f3n para hacer p\u00fablicas las percepciones, los<\/p>\n","protected":false},"author":2,"featured_media":46549,"comment_status":"open","ping_status":"closed","sticky":false,"template":"","format":"standard","meta":{"footnotes":""},"categories":[10],"tags":[],"class_list":{"0":"post-46548","1":"post","2":"type-post","3":"status-publish","4":"format-standard","5":"has-post-thumbnail","7":"category-hidalgo"},"_links":{"self":[{"href":"https:\/\/elreporterohgo.com\/noticias\/wp-json\/wp\/v2\/posts\/46548","targetHints":{"allow":["GET"]}}],"collection":[{"href":"https:\/\/elreporterohgo.com\/noticias\/wp-json\/wp\/v2\/posts"}],"about":[{"href":"https:\/\/elreporterohgo.com\/noticias\/wp-json\/wp\/v2\/types\/post"}],"author":[{"embeddable":true,"href":"https:\/\/elreporterohgo.com\/noticias\/wp-json\/wp\/v2\/users\/2"}],"replies":[{"embeddable":true,"href":"https:\/\/elreporterohgo.com\/noticias\/wp-json\/wp\/v2\/comments?post=46548"}],"version-history":[{"count":1,"href":"https:\/\/elreporterohgo.com\/noticias\/wp-json\/wp\/v2\/posts\/46548\/revisions"}],"predecessor-version":[{"id":46550,"href":"https:\/\/elreporterohgo.com\/noticias\/wp-json\/wp\/v2\/posts\/46548\/revisions\/46550"}],"wp:featuredmedia":[{"embeddable":true,"href":"https:\/\/elreporterohgo.com\/noticias\/wp-json\/wp\/v2\/media\/46549"}],"wp:attachment":[{"href":"https:\/\/elreporterohgo.com\/noticias\/wp-json\/wp\/v2\/media?parent=46548"}],"wp:term":[{"taxonomy":"category","embeddable":true,"href":"https:\/\/elreporterohgo.com\/noticias\/wp-json\/wp\/v2\/categories?post=46548"},{"taxonomy":"post_tag","embeddable":true,"href":"https:\/\/elreporterohgo.com\/noticias\/wp-json\/wp\/v2\/tags?post=46548"}],"curies":[{"name":"wp","href":"https:\/\/api.w.org\/{rel}","templated":true}]}}