{"id":46545,"date":"2022-02-16T14:27:37","date_gmt":"2022-02-16T20:27:37","guid":{"rendered":"https:\/\/elreporterohgo.com\/noticias\/?p=46545"},"modified":"2022-02-16T14:27:38","modified_gmt":"2022-02-16T20:27:38","slug":"reporteros-se-abstienen-de-hacer-preguntas-en-la-mananeraen-solidaridad-con-protestas-por-ataques-contra-la-prensa","status":"publish","type":"post","link":"https:\/\/elreporterohgo.com\/noticias\/2022\/02\/16\/reporteros-se-abstienen-de-hacer-preguntas-en-la-mananeraen-solidaridad-con-protestas-por-ataques-contra-la-prensa\/","title":{"rendered":"Reporteros se abstienen de hacer preguntas en \u00abLa ma\u00f1anera\u00bben solidaridad con protestas por ataques contra la prensa"},"content":{"rendered":"\n<div class=\"wp-block-image\"><figure class=\"alignleft is-resized\"><img fetchpriority=\"high\" decoding=\"async\" src=\"https::\/\/elreporterohgo.com\/noticias\/wp-content\/uploads\/2022\/02\/reporteros-conferencia-amlo-preguntas-solidaridad-ataques-prensa-1024x529.jpg\" alt=\"\" class=\"wp-image-46546\" width=\"384\" height=\"198\" srcset=\"https:\/\/elreporterohgo.com\/noticias\/wp-content\/uploads\/2022\/02\/reporteros-conferencia-amlo-preguntas-solidaridad-ataques-prensa-1024x529.jpg 1024w, https:\/\/elreporterohgo.com\/noticias\/wp-content\/uploads\/2022\/02\/reporteros-conferencia-amlo-preguntas-solidaridad-ataques-prensa-300x155.jpg 300w, https:\/\/elreporterohgo.com\/noticias\/wp-content\/uploads\/2022\/02\/reporteros-conferencia-amlo-preguntas-solidaridad-ataques-prensa-768x397.jpg 768w, https:\/\/elreporterohgo.com\/noticias\/wp-content\/uploads\/2022\/02\/reporteros-conferencia-amlo-preguntas-solidaridad-ataques-prensa.jpg 1200w\" sizes=\"(max-width: 384px) 100vw, 384px\" \/><\/figure><\/div>\n\n\n\n<p>CDMX.- Este mi\u00e9rcoles, reporteros que asisten a la conferencia matutina del presidente <strong>Andr\u00e9s Manuel L\u00f3pez Obrador<\/strong>\u00a0replicaron las manifestaciones que compa\u00f1eros del gremio encabezaron ayer en el\u00a0<strong>Congreso de la Uni\u00f3n<\/strong>. <\/p>\n\n\n\n<p> \u201cLa mayor\u00eda de quienes estamos aqu\u00ed platicando esto que sucedi\u00f3 ayer queremos decirle que este d\u00eda no le queremos formular preguntas en\u00a0<strong>solidaridad<\/strong>\u00a0con lo que ocurri\u00f3 en el legislativo el d\u00eda de ayer, queremos replicarlo\u201d, expres\u00f3 el periodista Rodolfo Montes durante su intervenci\u00f3n. <\/p>\n\n\n\n<p>Ayer, \u200b\u200bal grito de \u201c\u00a1Libertad de prensa!\u201d y \u201c\u00a1Justicia!\u201d, reporteros acreditados en&nbsp;<strong>San L\u00e1zaro<\/strong>&nbsp;protestaron durante la sesi\u00f3n ordinaria de la&nbsp;<strong>C\u00e1mara de Diputados<\/strong>&nbsp;por los ataques a los medios de comunicaci\u00f3n y a sus colegas en el pa\u00eds.&nbsp;<\/p>\n\n\n\n<p>Al respecto, el comunicador asegur\u00f3 que las manifestaciones de ayer no fueron en apoyo a un periodista, sino a todo el gremio.<\/p>\n\n\n\n<p>\u201cNos queremos abstener, se\u00f1or presidente, de hacerle preguntas, porque los principales asesinos de nosotros son servidores p\u00fablicos\u201d, acus\u00f3 Montes.<\/p>\n\n\n\n<p>En respuesta, el mandatario dijo que respeta las manifestaciones, pero asegur\u00f3 que su gobierno no emprende acciones de represi\u00f3n. \u201cNada m\u00e1s lo \u00fanico que debe de considerarse es que nosotros no mandamos a aniquilar a nadie, a nadie\u201d, expres\u00f3.<\/p>\n\n\n\n<p>Previo a la intervenci\u00f3n de Montes, otra reportera cuestion\u00f3 al mandatario sobre diversos temas, raz\u00f3n por la que el mandatario habl\u00f3 cerca de dos horas<a href=\"https:s:\/\/www.youtube.com\/watch?v=YueRFdKKfcM\">.<\/a><\/p>\n\n\n\n<p><br><\/p>\n","protected":false},"excerpt":{"rendered":"<p>CDMX.- Este mi\u00e9rcoles, reporteros que asisten a la conferencia matutina del presidente Andr\u00e9s Manuel L\u00f3pez Obrador\u00a0replicaron las manifestaciones que compa\u00f1eros del gremio encabezaron ayer en el\u00a0Congreso de la Uni\u00f3n. \u201cLa mayor\u00eda de quienes estamos aqu\u00ed platicando esto que sucedi\u00f3 ayer queremos decirle que este d\u00eda no le queremos formular preguntas en\u00a0solidaridad\u00a0con lo que ocurri\u00f3 en<\/p>\n","protected":false},"author":2,"featured_media":46546,"comment_status":"open","ping_status":"closed","sticky":false,"template":"","format":"standard","meta":{"footnotes":""},"categories":[10],"tags":[],"class_list":{"0":"post-46545","1":"post","2":"type-post","3":"status-publish","4":"format-standard","5":"has-post-thumbnail","7":"category-hidalgo"},"_links":{"self":[{"href":"https:\/\/elreporterohgo.com\/noticias\/wp-json\/wp\/v2\/posts\/46545","targetHints":{"allow":["GET"]}}],"collection":[{"href":"https:\/\/elreporterohgo.com\/noticias\/wp-json\/wp\/v2\/posts"}],"about":[{"href":"https:\/\/elreporterohgo.com\/noticias\/wp-json\/wp\/v2\/types\/post"}],"author":[{"embeddable":true,"href":"https:\/\/elreporterohgo.com\/noticias\/wp-json\/wp\/v2\/users\/2"}],"replies":[{"embeddable":true,"href":"https:\/\/elreporterohgo.com\/noticias\/wp-json\/wp\/v2\/comments?post=46545"}],"version-history":[{"count":1,"href":"https:\/\/elreporterohgo.com\/noticias\/wp-json\/wp\/v2\/posts\/46545\/revisions"}],"predecessor-version":[{"id":46547,"href":"https:\/\/elreporterohgo.com\/noticias\/wp-json\/wp\/v2\/posts\/46545\/revisions\/46547"}],"wp:featuredmedia":[{"embeddable":true,"href":"https:\/\/elreporterohgo.com\/noticias\/wp-json\/wp\/v2\/media\/46546"}],"wp:attachment":[{"href":"https:\/\/elreporterohgo.com\/noticias\/wp-json\/wp\/v2\/media?parent=46545"}],"wp:term":[{"taxonomy":"category","embeddable":true,"href":"https:\/\/elreporterohgo.com\/noticias\/wp-json\/wp\/v2\/categories?post=46545"},{"taxonomy":"post_tag","embeddable":true,"href":"https:\/\/elreporterohgo.com\/noticias\/wp-json\/wp\/v2\/tags?post=46545"}],"curies":[{"name":"wp","href":"https:\/\/api.w.org\/{rel}","templated":true}]}}