{"id":46499,"date":"2022-02-14T17:46:44","date_gmt":"2022-02-14T23:46:44","guid":{"rendered":"https:\/\/elreporterohgo.com\/noticias\/?p=46499"},"modified":"2022-02-14T17:46:45","modified_gmt":"2022-02-14T23:46:45","slug":"prevencion-del-delito-en-la-juventud-a-traves-del-deporte","status":"publish","type":"post","link":"https:\/\/elreporterohgo.com\/noticias\/2022\/02\/14\/prevencion-del-delito-en-la-juventud-a-traves-del-deporte\/","title":{"rendered":"Prevenci\u00f3n del delito en la juventud a trav\u00e9s del deporte"},"content":{"rendered":"\n<figure class=\"wp-block-image\"><img fetchpriority=\"high\" decoding=\"async\" width=\"1024\" height=\"683\" src=\"https::\/\/elreporterohgo.com\/noticias\/wp-content\/uploads\/2022\/02\/unnamed-2022-02-14T165108.233-1024x683.jpg\" alt=\"\" class=\"wp-image-46500\" srcset=\"https:\/\/elreporterohgo.com\/noticias\/wp-content\/uploads\/2022\/02\/unnamed-2022-02-14T165108.233-1024x683.jpg 1024w, https:\/\/elreporterohgo.com\/noticias\/wp-content\/uploads\/2022\/02\/unnamed-2022-02-14T165108.233-300x200.jpg 300w, https:\/\/elreporterohgo.com\/noticias\/wp-content\/uploads\/2022\/02\/unnamed-2022-02-14T165108.233-768x512.jpg 768w\" sizes=\"(max-width: 1024px) 100vw, 1024px\" \/><\/figure>\n\n\n\n<p>TARJETA\nINFORMATIVA<\/p>\n\n\n\n<ul class=\"wp-block-list\"><li>Pachuca de Soto, Hidalgo.- Se llev\u00f3 a cabo en\nHidalgo la Instalaci\u00f3n del Comit\u00e9 Directivo del Proyecto de enfoque de\nseguridad humana para la protecci\u00f3n, el empoderamiento y la inclusi\u00f3n econ\u00f3mica\nde los j\u00f3venes en riesgo durante y despu\u00e9s de la pandemia de COVID-19 por parte\ndel Fondo Fiduciario de las Naciones Unidas para la Seguridad Humana.<\/li><\/ul>\n\n\n\n<ul class=\"wp-block-list\"><li>Participaron de la Instalaci\u00f3n del Comit\u00e9\nDirectivo en su calidad de miembros, los titulares de las Secretar\u00edas de\nGobierno, Desarrollo Econ\u00f3mico, Desarrollo Social, Educaci\u00f3n P\u00fablica, Unidad de\nPlaneaci\u00f3n y Prospectiva; y del Sistema DIF Hidalgo.<\/li><\/ul>\n\n\n\n<ul class=\"wp-block-list\"><li>Peter Grohmann, coordinador residente del\nSistema de Naciones Unidas en M\u00e9xico, recalc\u00f3 la importancia de conseguir los\nobjetivos de desarrollo sostenible y trabajar de forma conjunta entre\ngobiernos, sociedad, empresas y academia para ofrecer alternativas a la\njuventud.<\/li><\/ul>\n\n\n\n<ul class=\"wp-block-list\"><li>Alanna Armitage, representante del Fondo de\nPoblaci\u00f3n de Naciones Unidas en M\u00e9xico (UNFPA) refiri\u00f3 que la pandemia ha\nafectado las condiciones de vida de la poblaci\u00f3n, por ello es necesario\ncoordinar esfuerzos y acciones para fortalecer el desarrollo de los derechos de\nj\u00f3venes, bajo los enfoques de seguridad humana y g\u00e9nero, sin dejar a nadie\natr\u00e1s.<\/li><\/ul>\n\n\n\n<ul class=\"wp-block-list\"><li>Kristian H\u00f6lge, representante de la oficina\nde las Naciones Unidas contra la droga y el delito, explic\u00f3 que sus actividades\nse enfocan en la prevenci\u00f3n del delito en la juventud a trav\u00e9s del deporte, las\nartes, la cultura y la educaci\u00f3n; teniendo como base tres objetivos centrales:\nlos derechos humanos; la igualdad de g\u00e9nero; y la protecci\u00f3n de la ni\u00f1ez y\njuventud.<\/li><\/ul>\n\n\n\n<ul class=\"wp-block-list\"><li>Cristiano Massimo, representante de la ONU\npara el desarrollo industrial en M\u00e9xico, abund\u00f3 sobre impulsar la\ncompetitividad y productividad para mejorar la calidad de vida ya que muchos\nj\u00f3venes en pa\u00edses de desarrollo carecen de acceso al emprendimiento laboral,\nas\u00ed como a la cultura y fortalecimiento de estas capacidades.<\/li><\/ul>\n\n\n\n<ul class=\"wp-block-list\"><li>La representante de la canciller\u00eda de la\nSecretar\u00eda de Relaciones Exteriores coincidi\u00f3 en el fortalecimiento y mejora de\niniciativas s\u00f3lidas de protecci\u00f3n, impulso y empoderamiento de los derechos de\nlas juventudes en una plataforma com\u00fan puesto que no podemos tener esfuerzos\naislados.<\/li><\/ul>\n\n\n\n<ul class=\"wp-block-list\"><li>Las y los miembros de este Comit\u00e9 Directivo\nmanifestaron el compromiso para el desarrollo del proyecto para robustecer las\nrelaciones que se han mantenido hasta hoy y desde hace m\u00e1s de 20 a\u00f1os entre\nHidalgo y el Fondo de Poblaci\u00f3n de la Organizaci\u00f3n de las Naciones Unidas\n(ONU).<\/li><\/ul>\n","protected":false},"excerpt":{"rendered":"<p>TARJETA INFORMATIVA Pachuca de Soto, Hidalgo.- Se llev\u00f3 a cabo en Hidalgo la Instalaci\u00f3n del Comit\u00e9 Directivo del Proyecto de enfoque de seguridad humana para la protecci\u00f3n, el empoderamiento y la inclusi\u00f3n econ\u00f3mica de los j\u00f3venes en riesgo durante y despu\u00e9s de la pandemia de COVID-19 por parte del Fondo Fiduciario de las Naciones Unidas<\/p>\n","protected":false},"author":2,"featured_media":46500,"comment_status":"open","ping_status":"closed","sticky":false,"template":"","format":"standard","meta":{"footnotes":""},"categories":[10],"tags":[],"class_list":{"0":"post-46499","1":"post","2":"type-post","3":"status-publish","4":"format-standard","5":"has-post-thumbnail","7":"category-hidalgo"},"_links":{"self":[{"href":"https:\/\/elreporterohgo.com\/noticias\/wp-json\/wp\/v2\/posts\/46499","targetHints":{"allow":["GET"]}}],"collection":[{"href":"https:\/\/elreporterohgo.com\/noticias\/wp-json\/wp\/v2\/posts"}],"about":[{"href":"https:\/\/elreporterohgo.com\/noticias\/wp-json\/wp\/v2\/types\/post"}],"author":[{"embeddable":true,"href":"https:\/\/elreporterohgo.com\/noticias\/wp-json\/wp\/v2\/users\/2"}],"replies":[{"embeddable":true,"href":"https:\/\/elreporterohgo.com\/noticias\/wp-json\/wp\/v2\/comments?post=46499"}],"version-history":[{"count":1,"href":"https:\/\/elreporterohgo.com\/noticias\/wp-json\/wp\/v2\/posts\/46499\/revisions"}],"predecessor-version":[{"id":46501,"href":"https:\/\/elreporterohgo.com\/noticias\/wp-json\/wp\/v2\/posts\/46499\/revisions\/46501"}],"wp:featuredmedia":[{"embeddable":true,"href":"https:\/\/elreporterohgo.com\/noticias\/wp-json\/wp\/v2\/media\/46500"}],"wp:attachment":[{"href":"https:\/\/elreporterohgo.com\/noticias\/wp-json\/wp\/v2\/media?parent=46499"}],"wp:term":[{"taxonomy":"category","embeddable":true,"href":"https:\/\/elreporterohgo.com\/noticias\/wp-json\/wp\/v2\/categories?post=46499"},{"taxonomy":"post_tag","embeddable":true,"href":"https:\/\/elreporterohgo.com\/noticias\/wp-json\/wp\/v2\/tags?post=46499"}],"curies":[{"name":"wp","href":"https:\/\/api.w.org\/{rel}","templated":true}]}}