{"id":46472,"date":"2022-02-12T14:56:12","date_gmt":"2022-02-12T20:56:12","guid":{"rendered":"https:\/\/elreporterohgo.com\/noticias\/?p=46472"},"modified":"2022-02-11T21:04:09","modified_gmt":"2022-02-12T03:04:09","slug":"parosmia-la-secuela-del-covid-que-provoca-que-lo-mas-delicioso-huela-mal","status":"publish","type":"post","link":"https:\/\/elreporterohgo.com\/noticias\/2022\/02\/12\/parosmia-la-secuela-del-covid-que-provoca-que-lo-mas-delicioso-huela-mal\/","title":{"rendered":"Parosmia: La secuela del COVID que provoca que lo m\u00e1s delicioso huela mal"},"content":{"rendered":"\n<p>Aunque muchos se han recuperado de esta enfermedad, algunos pacientes aseguran que desarrollaron un nuevo s\u00edntoma llamado parosmia. Es decir, su percepci\u00f3n del olfato es distinta al detectar que, durante el contagio, los olores son muy desagradables, incluso con alimentos \u201cdeliciosos\u201d.<\/p>\n\n\n\n<p>De acuerdo con informaci\u00f3n del doctor&nbsp;<strong>Richard Orlandi, m\u00e9dico otorrinolaring\u00f3logo y profesor de la Universidad de Utah<\/strong>, la parosmia puede ser causada por una serie de cosas como infecciones respiratorias, convulsiones e incluso tumores cerebrales.<a href=\"https:s:\/\/www.elfinanciero.com.mx\/cdmx\/2022\/02\/04\/cdmx-se-estanca-permanecera-en-semaforo-covid-amarillo-otros-15-dias\/\"><\/a><\/p>\n\n\n\n<p>A lo largo de la pandemia, \u201chemos observado que m\u00e1s pacientes recuperados de COVID informan ahora de este s\u00edntoma\u201d, se\u00f1al\u00f3 y admiti\u00f3 que hasta el momento se sabe muy poco sobre esta secuela y su relaci\u00f3n con el Sars-Cov-2.<\/p>\n\n\n\n<p>\u201cPuede no parecer tan urgente como otros&nbsp;<strong>s\u00edntomas a largo plazo de COVID<\/strong>, como los problemas card\u00edacos, la depresi\u00f3n y las enfermedades respiratorias. Sin embargo, los m\u00e9dicos dicen que puede ser problem\u00e1tico\u201d, alert\u00f3.<\/p>\n\n\n\n<p>Por ello, advirti\u00f3 que, dependiendo de la gravedad del s\u00edntoma, esta afecci\u00f3n puede ser desde una molestia hasta un s\u00edntoma frustrante e inductor de ansiedad.<\/p>\n\n\n\n<p>A pesar de que a\u00fan no hay informaci\u00f3n concreta sobre este padecimiento, estudios recientes se\u00f1alaron que la parosmia puede durar entre tres y seis meses.<a href=\"https:s:\/\/www.elfinanciero.com.mx\/salud\/2022\/02\/04\/cdc-advierte-a-personas-sin-vacuna-covid-tienen-14-veces-mas-probabilidades-de-morir\/\"><\/a><\/p>\n\n\n\n<h2 class=\"wp-block-heading\">Rehabilitaci\u00f3n cardiorrespiratoria, importante para las secuelas del COVID<\/h2>\n\n\n\n<p>La&nbsp;<strong>Universidad Nacional Aut\u00f3noma de M\u00e9xico (UNAM)<\/strong>, a trav\u00e9s de la Cl\u00ednica de Fisioterapia de la Escuela Nacional de Estudios Superiores (ENES) de Le\u00f3n, tiene un proyecto cuyo objetivo es ayudar a las personas a superar los estragos del COVID.<\/p>\n\n\n\n<p>Sobre la sensaci\u00f3n de falta de aire las especialistas de la instituci\u00f3n comentaron \u201cHay una reducci\u00f3n en su capacidad respiratoria, por la cual nosotros trabajamos con ellos para aumentar sus vol\u00famenes respiratorios\u2019&#8217;.<\/p>\n\n\n\n<p>Explicaron tambi\u00e9n que los m\u00fasculos tor\u00e1cicos son los m\u00e1s afectados porque se pierde fuerza al cambiar patrones respiratorios cuando las personas se contagian de\u00a0<strong>COVID<\/strong>.<br><\/p>\n\n\n\n<figure class=\"wp-block-image\"><img fetchpriority=\"high\" decoding=\"async\" width=\"575\" height=\"1024\" src=\"https::\/\/elreporterohgo.com\/noticias\/wp-content\/uploads\/2022\/02\/WhatsApp-Image-2022-02-04-at-9.56.01-PM-5-1-575x1024.jpeg\" alt=\"\" class=\"wp-image-46474\" srcset=\"https:\/\/elreporterohgo.com\/noticias\/wp-content\/uploads\/2022\/02\/WhatsApp-Image-2022-02-04-at-9.56.01-PM-5-1-575x1024.jpeg 575w, https:\/\/elreporterohgo.com\/noticias\/wp-content\/uploads\/2022\/02\/WhatsApp-Image-2022-02-04-at-9.56.01-PM-5-1-169x300.jpeg 169w, https:\/\/elreporterohgo.com\/noticias\/wp-content\/uploads\/2022\/02\/WhatsApp-Image-2022-02-04-at-9.56.01-PM-5-1.jpeg 719w\" sizes=\"(max-width: 575px) 100vw, 575px\" \/><\/figure>\n","protected":false},"excerpt":{"rendered":"<p>Aunque muchos se han recuperado de esta enfermedad, algunos pacientes aseguran que desarrollaron un nuevo s\u00edntoma llamado parosmia. Es decir, su percepci\u00f3n del olfato es distinta al detectar que, durante el contagio, los olores son muy desagradables, incluso con alimentos \u201cdeliciosos\u201d. De acuerdo con informaci\u00f3n del doctor&nbsp;Richard Orlandi, m\u00e9dico otorrinolaring\u00f3logo y profesor de la Universidad<\/p>\n","protected":false},"author":2,"featured_media":46474,"comment_status":"open","ping_status":"closed","sticky":false,"template":"","format":"standard","meta":{"footnotes":""},"categories":[10],"tags":[],"class_list":{"0":"post-46472","1":"post","2":"type-post","3":"status-publish","4":"format-standard","5":"has-post-thumbnail","7":"category-hidalgo"},"_links":{"self":[{"href":"https:\/\/elreporterohgo.com\/noticias\/wp-json\/wp\/v2\/posts\/46472","targetHints":{"allow":["GET"]}}],"collection":[{"href":"https:\/\/elreporterohgo.com\/noticias\/wp-json\/wp\/v2\/posts"}],"about":[{"href":"https:\/\/elreporterohgo.com\/noticias\/wp-json\/wp\/v2\/types\/post"}],"author":[{"embeddable":true,"href":"https:\/\/elreporterohgo.com\/noticias\/wp-json\/wp\/v2\/users\/2"}],"replies":[{"embeddable":true,"href":"https:\/\/elreporterohgo.com\/noticias\/wp-json\/wp\/v2\/comments?post=46472"}],"version-history":[{"count":1,"href":"https:\/\/elreporterohgo.com\/noticias\/wp-json\/wp\/v2\/posts\/46472\/revisions"}],"predecessor-version":[{"id":46475,"href":"https:\/\/elreporterohgo.com\/noticias\/wp-json\/wp\/v2\/posts\/46472\/revisions\/46475"}],"wp:featuredmedia":[{"embeddable":true,"href":"https:\/\/elreporterohgo.com\/noticias\/wp-json\/wp\/v2\/media\/46474"}],"wp:attachment":[{"href":"https:\/\/elreporterohgo.com\/noticias\/wp-json\/wp\/v2\/media?parent=46472"}],"wp:term":[{"taxonomy":"category","embeddable":true,"href":"https:\/\/elreporterohgo.com\/noticias\/wp-json\/wp\/v2\/categories?post=46472"},{"taxonomy":"post_tag","embeddable":true,"href":"https:\/\/elreporterohgo.com\/noticias\/wp-json\/wp\/v2\/tags?post=46472"}],"curies":[{"name":"wp","href":"https:\/\/api.w.org\/{rel}","templated":true}]}}