{"id":46466,"date":"2022-02-11T20:43:09","date_gmt":"2022-02-12T02:43:09","guid":{"rendered":"https:\/\/elreporterohgo.com\/noticias\/?p=46466"},"modified":"2022-02-11T20:43:10","modified_gmt":"2022-02-12T02:43:10","slug":"cero-tolerancia-ante-el-abuso-a-los-animales","status":"publish","type":"post","link":"https:\/\/elreporterohgo.com\/noticias\/2022\/02\/11\/cero-tolerancia-ante-el-abuso-a-los-animales\/","title":{"rendered":"Cero tolerancia ante el abuso a los animales"},"content":{"rendered":"\n<ul class=\"wp-block-list\"><li>Rescatan a asno maltratado en Zempoala <\/li><\/ul>\n\n\n\n<p>A partir de que la Procuradur\u00eda General de Justicia del Estado de Hidalgo conoci\u00f3  de un video difundido a trav\u00e9s de redes sociales en el que se apreciaba el maltrato  que sufr\u00eda un asno, se inici\u00f3 la carpeta de investigaci\u00f3n por hechos que la ley establece como delito contra los animales.<\/p>\n\n\n\n<p><br>Derivado de los actos de investigaci\u00f3n que orden\u00f3 el Ministerio P\u00fablico y que llev\u00f3  a cabo personal de la Divisi\u00f3n de investigaci\u00f3n en coordinaci\u00f3n con la Divisi\u00f3n  cient\u00edfica, el animal fue ubicado y rescatado esta ma\u00f1ana en la localidad de Santa  Cruz, en el municipio de Zempoala.<\/p>\n\n\n\n<p>Conforme a los protocolos establecidos para salvaguardar la integridad del asno y  brindarle la atenci\u00f3n necesaria, dicho animal fue entregado para su resguardo a la  Secretaria de Medio Ambiente y Recursos Naturales de Hidalgo.<br><\/p>\n\n\n\n<figure class=\"wp-block-image\"><img fetchpriority=\"high\" decoding=\"async\" width=\"843\" height=\"843\" src=\"https::\/\/elreporterohgo.com\/noticias\/wp-content\/uploads\/2022\/02\/burro.jpg\" alt=\"\" class=\"wp-image-46467\" srcset=\"https:\/\/elreporterohgo.com\/noticias\/wp-content\/uploads\/2022\/02\/burro.jpg 843w, https:\/\/elreporterohgo.com\/noticias\/wp-content\/uploads\/2022\/02\/burro-150x150.jpg 150w, https:\/\/elreporterohgo.com\/noticias\/wp-content\/uploads\/2022\/02\/burro-300x300.jpg 300w, https:\/\/elreporterohgo.com\/noticias\/wp-content\/uploads\/2022\/02\/burro-768x768.jpg 768w, https:\/\/elreporterohgo.com\/noticias\/wp-content\/uploads\/2022\/02\/burro-160x160.jpg 160w\" sizes=\"(max-width: 843px) 100vw, 843px\" \/><\/figure>\n","protected":false},"excerpt":{"rendered":"<p>Rescatan a asno maltratado en Zempoala A partir de que la Procuradur\u00eda General de Justicia del Estado de Hidalgo conoci\u00f3 de un video difundido a trav\u00e9s de redes sociales en el que se apreciaba el maltrato que sufr\u00eda un asno, se inici\u00f3 la carpeta de investigaci\u00f3n por hechos que la ley establece como delito contra<\/p>\n","protected":false},"author":2,"featured_media":46467,"comment_status":"open","ping_status":"closed","sticky":false,"template":"","format":"standard","meta":{"footnotes":""},"categories":[10],"tags":[],"class_list":{"0":"post-46466","1":"post","2":"type-post","3":"status-publish","4":"format-standard","5":"has-post-thumbnail","7":"category-hidalgo"},"_links":{"self":[{"href":"https:\/\/elreporterohgo.com\/noticias\/wp-json\/wp\/v2\/posts\/46466","targetHints":{"allow":["GET"]}}],"collection":[{"href":"https:\/\/elreporterohgo.com\/noticias\/wp-json\/wp\/v2\/posts"}],"about":[{"href":"https:\/\/elreporterohgo.com\/noticias\/wp-json\/wp\/v2\/types\/post"}],"author":[{"embeddable":true,"href":"https:\/\/elreporterohgo.com\/noticias\/wp-json\/wp\/v2\/users\/2"}],"replies":[{"embeddable":true,"href":"https:\/\/elreporterohgo.com\/noticias\/wp-json\/wp\/v2\/comments?post=46466"}],"version-history":[{"count":1,"href":"https:\/\/elreporterohgo.com\/noticias\/wp-json\/wp\/v2\/posts\/46466\/revisions"}],"predecessor-version":[{"id":46468,"href":"https:\/\/elreporterohgo.com\/noticias\/wp-json\/wp\/v2\/posts\/46466\/revisions\/46468"}],"wp:featuredmedia":[{"embeddable":true,"href":"https:\/\/elreporterohgo.com\/noticias\/wp-json\/wp\/v2\/media\/46467"}],"wp:attachment":[{"href":"https:\/\/elreporterohgo.com\/noticias\/wp-json\/wp\/v2\/media?parent=46466"}],"wp:term":[{"taxonomy":"category","embeddable":true,"href":"https:\/\/elreporterohgo.com\/noticias\/wp-json\/wp\/v2\/categories?post=46466"},{"taxonomy":"post_tag","embeddable":true,"href":"https:\/\/elreporterohgo.com\/noticias\/wp-json\/wp\/v2\/tags?post=46466"}],"curies":[{"name":"wp","href":"https:\/\/api.w.org\/{rel}","templated":true}]}}