{"id":46462,"date":"2022-02-11T20:34:42","date_gmt":"2022-02-12T02:34:42","guid":{"rendered":"https:\/\/elreporterohgo.com\/noticias\/?p=46462"},"modified":"2022-02-11T20:34:42","modified_gmt":"2022-02-12T02:34:42","slug":"podrian-surgir-nuevas-variantes-del-virus-sars-cov-2","status":"publish","type":"post","link":"https:\/\/elreporterohgo.com\/noticias\/2022\/02\/11\/podrian-surgir-nuevas-variantes-del-virus-sars-cov-2\/","title":{"rendered":"Podr\u00edan surgir nuevas variantes del virus SARS-CoV-2"},"content":{"rendered":"\n<p><em>*La inmunidad preexistente y\nla aplicaci\u00f3n de vacunas podr\u00edan ser las causas de la baja hospitalizaci\u00f3n por\nla variante \u00d3micron <\/em><\/p>\n\n\n\n<div class=\"wp-block-image\"><figure class=\"alignleft is-resized\"><img fetchpriority=\"high\" decoding=\"async\" src=\"https::\/\/elreporterohgo.com\/noticias\/wp-content\/uploads\/2022\/02\/01-1-1024x683.jpg\" alt=\"\" class=\"wp-image-46463\" width=\"348\" height=\"233\" srcset=\"https:\/\/elreporterohgo.com\/noticias\/wp-content\/uploads\/2022\/02\/01-1-1024x683.jpg 1024w, https:\/\/elreporterohgo.com\/noticias\/wp-content\/uploads\/2022\/02\/01-1-300x200.jpg 300w, https:\/\/elreporterohgo.com\/noticias\/wp-content\/uploads\/2022\/02\/01-1-768x512.jpg 768w, https:\/\/elreporterohgo.com\/noticias\/wp-content\/uploads\/2022\/02\/01-1.jpg 1920w\" sizes=\"(max-width: 348px) 100vw, 348px\" \/><\/figure><\/div>\n\n\n\n<p>Pachuca de Soto, Hidalgo. \u2013 La variante \u00d3micron no ser\u00e1 la \u00faltima del virus SARS-CoV-2 y pueden surgir nuevas con m\u00e1s letalidad, as\u00ed lo asegur\u00f3 el profesor investigador de la Universidad Aut\u00f3noma del Estado de Hidalgo (UAEH) Juan Francisco Mart\u00ednez Campos, quien adem\u00e1s exhort\u00f3 a la poblaci\u00f3n en general a seguir con la aplicaci\u00f3n de los protocolos sanitarios y a contar con el cuadro completo de vacunaci\u00f3n. <\/p>\n\n\n\n<p>\u201c\u00d3micron no es una gripa menor, sigue produciendo\nCOVID-19, no debemos menospreciarlo\u201d, recalc\u00f3 el tambi\u00e9n vicepresidente de la\nSociedad Mexicana de Salud P\u00fablica durante una entrevista, al tiempo que hizo\nun llamado a reflexionar y tomar conciencia sobre la gravedad de la pandemia,\nla cual se considera como el mayor problema sanitario al que se ha enfrentado\nla humanidad en el siglo XXI y que lo m\u00e1s probable es que no sea la \u00faltima que\nse viva.<\/p>\n\n\n\n<p>Se\u00f1al\u00f3 que \u00d3micron es una variante con mayor\ntransmisibilidad al tener un R0 \u2013el n\u00famero de reproducci\u00f3n de contagios\u2013 de\nhasta 10 personas por cada caso confirmado. \u201cLa misma velocidad de transmisi\u00f3n\nque ten\u00eda el Sarampi\u00f3n es la que tenemos ahora\u201d, declar\u00f3.<\/p>\n\n\n\n<p>Coment\u00f3 que si bien en muchas partes del mundo hay un desacoplamiento\nde letalidad contra el n\u00famero de casos, no se debe de tomar a la ligera los\nfallecimientos que se presentan.<\/p>\n\n\n\n<p>De acuerdo con Juan Francisco Mart\u00ednez Campos, en\nM\u00e9xico, durante el mes de enero, las estad\u00edsticas revelaron que a nivel nacional\nel 09% de la poblaci\u00f3n falleci\u00f3 por COVID-19, mientras que en Hidalgo la cifra\naument\u00f3 hasta el 14%, en comparaci\u00f3n con el 03% a nivel mundial.<\/p>\n\n\n\n<p>Por otra parte, estudios internacionales, como el\ninforme del Imperial College London, arrojaron que las personas infectadas con\n\u00d3micron tienen menos probabilidades de requerir hospitalizaci\u00f3n, debido a la\ninmunidad preexistente por infecciones previas o la aplicaci\u00f3n de vacunas.<\/p>\n\n\n\n<p>Al poseer un esquema de vacunaci\u00f3n completo reduce del\n50 al 80 por ciento los s\u00edntomas principales y disminuye el tiempo de\nhospitalizaci\u00f3n.<\/p>\n\n\n\n<p>Tras recalcar que \u00e9sta probablemente no sea la \u00faltima emergencia sanitaria que viva la humanidad en este siglo, el investigador del Instituto de Ciencias de la Salud (ICSa) de la UAEH puntualiz\u00f3: \u201cSe necesita solidaridad, conciencia y ser responsable\u2026dejar de pensar que al hacer cosas osadas se est\u00e1 retando a alguien\u201d.<\/p>\n\n\n\n<figure class=\"wp-block-image\"><img decoding=\"async\" width=\"1024\" height=\"538\" src=\"https::\/\/elreporterohgo.com\/noticias\/wp-content\/uploads\/2022\/02\/WhatsApp-Image-2022-02-04-at-9.56.01-PM-1-1-1024x538.jpeg\" alt=\"\" class=\"wp-image-46464\" srcset=\"https:\/\/elreporterohgo.com\/noticias\/wp-content\/uploads\/2022\/02\/WhatsApp-Image-2022-02-04-at-9.56.01-PM-1-1-1024x538.jpeg 1024w, https:\/\/elreporterohgo.com\/noticias\/wp-content\/uploads\/2022\/02\/WhatsApp-Image-2022-02-04-at-9.56.01-PM-1-1-300x158.jpeg 300w, https:\/\/elreporterohgo.com\/noticias\/wp-content\/uploads\/2022\/02\/WhatsApp-Image-2022-02-04-at-9.56.01-PM-1-1-768x403.jpeg 768w, https:\/\/elreporterohgo.com\/noticias\/wp-content\/uploads\/2022\/02\/WhatsApp-Image-2022-02-04-at-9.56.01-PM-1-1.jpeg 1280w\" sizes=\"(max-width: 1024px) 100vw, 1024px\" \/><\/figure>\n\n\n\n<p>Antes de finalizar, invit\u00f3 a continuar con las medidas\nsanitarias establecidas anteriormente, como el uso de cubrebocas, la ventilaci\u00f3n\nconstante de espacios cerrados, evitar las aglomeraciones, mantener la sana\ndistancia, pero sobre todo a contribuir con el aumento de la tasa de vacunaci\u00f3n\ndurante los pr\u00f3ximos seis meses.<\/p>\n","protected":false},"excerpt":{"rendered":"<p>*La inmunidad preexistente y la aplicaci\u00f3n de vacunas podr\u00edan ser las causas de la baja hospitalizaci\u00f3n por la variante \u00d3micron Pachuca de Soto, Hidalgo. \u2013 La variante \u00d3micron no ser\u00e1 la \u00faltima del virus SARS-CoV-2 y pueden surgir nuevas con m\u00e1s letalidad, as\u00ed lo asegur\u00f3 el profesor investigador de la Universidad Aut\u00f3noma del Estado de<\/p>\n","protected":false},"author":2,"featured_media":46464,"comment_status":"open","ping_status":"closed","sticky":false,"template":"","format":"standard","meta":{"footnotes":""},"categories":[10],"tags":[],"class_list":{"0":"post-46462","1":"post","2":"type-post","3":"status-publish","4":"format-standard","5":"has-post-thumbnail","7":"category-hidalgo"},"_links":{"self":[{"href":"https:\/\/elreporterohgo.com\/noticias\/wp-json\/wp\/v2\/posts\/46462","targetHints":{"allow":["GET"]}}],"collection":[{"href":"https:\/\/elreporterohgo.com\/noticias\/wp-json\/wp\/v2\/posts"}],"about":[{"href":"https:\/\/elreporterohgo.com\/noticias\/wp-json\/wp\/v2\/types\/post"}],"author":[{"embeddable":true,"href":"https:\/\/elreporterohgo.com\/noticias\/wp-json\/wp\/v2\/users\/2"}],"replies":[{"embeddable":true,"href":"https:\/\/elreporterohgo.com\/noticias\/wp-json\/wp\/v2\/comments?post=46462"}],"version-history":[{"count":1,"href":"https:\/\/elreporterohgo.com\/noticias\/wp-json\/wp\/v2\/posts\/46462\/revisions"}],"predecessor-version":[{"id":46465,"href":"https:\/\/elreporterohgo.com\/noticias\/wp-json\/wp\/v2\/posts\/46462\/revisions\/46465"}],"wp:featuredmedia":[{"embeddable":true,"href":"https:\/\/elreporterohgo.com\/noticias\/wp-json\/wp\/v2\/media\/46464"}],"wp:attachment":[{"href":"https:\/\/elreporterohgo.com\/noticias\/wp-json\/wp\/v2\/media?parent=46462"}],"wp:term":[{"taxonomy":"category","embeddable":true,"href":"https:\/\/elreporterohgo.com\/noticias\/wp-json\/wp\/v2\/categories?post=46462"},{"taxonomy":"post_tag","embeddable":true,"href":"https:\/\/elreporterohgo.com\/noticias\/wp-json\/wp\/v2\/tags?post=46462"}],"curies":[{"name":"wp","href":"https:\/\/api.w.org\/{rel}","templated":true}]}}