{"id":46452,"date":"2022-02-11T11:27:49","date_gmt":"2022-02-11T17:27:49","guid":{"rendered":"https:\/\/elreporterohgo.com\/noticias\/?p=46452"},"modified":"2022-02-11T11:27:50","modified_gmt":"2022-02-11T17:27:50","slug":"herido-al-viajar-de-noche-en-moto","status":"publish","type":"post","link":"https:\/\/elreporterohgo.com\/noticias\/2022\/02\/11\/herido-al-viajar-de-noche-en-moto\/","title":{"rendered":"Herido al viajar de noche en moto"},"content":{"rendered":"\n<figure class=\"wp-block-image\"><img fetchpriority=\"high\" decoding=\"async\" width=\"1024\" height=\"700\" src=\"https::\/\/elreporterohgo.com\/noticias\/wp-content\/uploads\/2022\/02\/almol-2-1024x700.jpg\" alt=\"\" class=\"wp-image-46453\" srcset=\"https:\/\/elreporterohgo.com\/noticias\/wp-content\/uploads\/2022\/02\/almol-2-1024x700.jpg 1024w, https:\/\/elreporterohgo.com\/noticias\/wp-content\/uploads\/2022\/02\/almol-2-300x205.jpg 300w, https:\/\/elreporterohgo.com\/noticias\/wp-content\/uploads\/2022\/02\/almol-2-768x525.jpg 768w, https:\/\/elreporterohgo.com\/noticias\/wp-content\/uploads\/2022\/02\/almol-2.jpg 1412w\" sizes=\"(max-width: 1024px) 100vw, 1024px\" \/><\/figure>\n\n\n\n<p>EMILIANO\nZAPATA, Hgo.- Un hombre result\u00f3 herido al caer de su motocicleta, la noche de\nayer, en la carretera federal Ciudad Sahag\u00fan-Emiliano Zapata, a la altura del\npuente de Acopinalco.<\/p>\n\n\n\n<p>Aproximadamente\na las 21:30 horas de ayer, oficiales de Seguridad Municipal se encontraban de\nrecorrido de vigilancia cuando les reportaron que en la carretera a Ciudad\nSahag\u00fan, a la altura del puente de Cervecer\u00eda Modelo hab\u00eda un hecho de tr\u00e1nsito\nterrestre.<\/p>\n\n\n\n<p>En el lugar encontraron\na personal de Protecci\u00f3n Civil quienes brindaban auxilio a un hombre\nidentificado como Mauro \u201cN\u201d, de 19 a\u00f1os, vecino de la calle Felipe \u00c1ngeles en\nel municipio de Almoloya.<\/p>\n\n\n\n<p>Asimismo en\ncoordinaci\u00f3n con la Polic\u00eda de Investigaci\u00f3n localizaron una motocicleta It\u00e1lica\n125Z, color negra con rojo.<\/p>\n\n\n\n<p>Finalmente,\nel lesionado fue trasladado a la cl\u00ednica del IMSS de Ciudad Sahag\u00fan.<\/p>\n","protected":false},"excerpt":{"rendered":"<p>EMILIANO ZAPATA, Hgo.- Un hombre result\u00f3 herido al caer de su motocicleta, la noche de ayer, en la carretera federal Ciudad Sahag\u00fan-Emiliano Zapata, a la altura del puente de Acopinalco. Aproximadamente a las 21:30 horas de ayer, oficiales de Seguridad Municipal se encontraban de recorrido de vigilancia cuando les reportaron que en la carretera a<\/p>\n","protected":false},"author":2,"featured_media":46453,"comment_status":"open","ping_status":"closed","sticky":false,"template":"","format":"standard","meta":{"footnotes":""},"categories":[10],"tags":[],"class_list":{"0":"post-46452","1":"post","2":"type-post","3":"status-publish","4":"format-standard","5":"has-post-thumbnail","7":"category-hidalgo"},"_links":{"self":[{"href":"https:\/\/elreporterohgo.com\/noticias\/wp-json\/wp\/v2\/posts\/46452","targetHints":{"allow":["GET"]}}],"collection":[{"href":"https:\/\/elreporterohgo.com\/noticias\/wp-json\/wp\/v2\/posts"}],"about":[{"href":"https:\/\/elreporterohgo.com\/noticias\/wp-json\/wp\/v2\/types\/post"}],"author":[{"embeddable":true,"href":"https:\/\/elreporterohgo.com\/noticias\/wp-json\/wp\/v2\/users\/2"}],"replies":[{"embeddable":true,"href":"https:\/\/elreporterohgo.com\/noticias\/wp-json\/wp\/v2\/comments?post=46452"}],"version-history":[{"count":1,"href":"https:\/\/elreporterohgo.com\/noticias\/wp-json\/wp\/v2\/posts\/46452\/revisions"}],"predecessor-version":[{"id":46454,"href":"https:\/\/elreporterohgo.com\/noticias\/wp-json\/wp\/v2\/posts\/46452\/revisions\/46454"}],"wp:featuredmedia":[{"embeddable":true,"href":"https:\/\/elreporterohgo.com\/noticias\/wp-json\/wp\/v2\/media\/46453"}],"wp:attachment":[{"href":"https:\/\/elreporterohgo.com\/noticias\/wp-json\/wp\/v2\/media?parent=46452"}],"wp:term":[{"taxonomy":"category","embeddable":true,"href":"https:\/\/elreporterohgo.com\/noticias\/wp-json\/wp\/v2\/categories?post=46452"},{"taxonomy":"post_tag","embeddable":true,"href":"https:\/\/elreporterohgo.com\/noticias\/wp-json\/wp\/v2\/tags?post=46452"}],"curies":[{"name":"wp","href":"https:\/\/api.w.org\/{rel}","templated":true}]}}