{"id":46446,"date":"2022-02-11T07:28:06","date_gmt":"2022-02-11T13:28:06","guid":{"rendered":"https:\/\/elreporterohgo.com\/noticias\/?p=46446"},"modified":"2022-02-11T07:28:07","modified_gmt":"2022-02-11T13:28:07","slug":"rescataron-a-migrantes-que-viajaba-en-la-bestia","status":"publish","type":"post","link":"https:\/\/elreporterohgo.com\/noticias\/2022\/02\/11\/rescataron-a-migrantes-que-viajaba-en-la-bestia\/","title":{"rendered":"Rescataron a migrantes que viajaba en la bestia"},"content":{"rendered":"\n<figure class=\"wp-block-image\"><img fetchpriority=\"high\" decoding=\"async\" width=\"1024\" height=\"655\" src=\"https::\/\/elreporterohgo.com\/noticias\/wp-content\/uploads\/2022\/02\/a-migra-2-1024x655.jpg\" alt=\"\" class=\"wp-image-46447\" srcset=\"https:\/\/elreporterohgo.com\/noticias\/wp-content\/uploads\/2022\/02\/a-migra-2-1024x655.jpg 1024w, https:\/\/elreporterohgo.com\/noticias\/wp-content\/uploads\/2022\/02\/a-migra-2-300x192.jpg 300w, https:\/\/elreporterohgo.com\/noticias\/wp-content\/uploads\/2022\/02\/a-migra-2-768x491.jpg 768w, https:\/\/elreporterohgo.com\/noticias\/wp-content\/uploads\/2022\/02\/a-migra-2.jpg 1507w\" sizes=\"(max-width: 1024px) 100vw, 1024px\" \/><\/figure>\n\n\n\n<p>La gran mayor\u00eda eran hombres <\/p>\n\n\n\n<p>Por Juan Sabino Cruz<\/p>\n\n\n\n<p>Tepeapulco, Hgo.- Un total de 39 personas que ilegalmente se\ninternaron al territorio mexicano, el d\u00eda de ayer, fueron rescatados al viajar\nde \u201cmosca\u201d en el ferrocarril.<\/p>\n\n\n\n<p>Personal del Instituto Nacional de Migraci\u00f3n en coordinaci\u00f3n\ncon Polic\u00eda Municipal de Apan, Tepeapulco y Polic\u00eda Estatal, encabezo el operativo\nimplementado en la carretera federal Ciudad Sahag\u00fan-Emiliano Zapata, a la\naltura del cruce de la v\u00eda f\u00e9rrea de Irolo.<\/p>\n\n\n\n<p>En total fueron revisados cinco trenes, tambi\u00e9n llamados la\nbestia, as\u00ed pudieron rescatar a 39 extranjeros, entre estos una mujer y dos\nmenores de edad.<\/p>\n\n\n\n<p>Los 39 extranjeros quedaron a disposici\u00f3n del Instituto Nacional\nde Migraci\u00f3n que se encarg\u00f3 del procedimiento jur\u00eddico-administrativo.<\/p>\n","protected":false},"excerpt":{"rendered":"<p>La gran mayor\u00eda eran hombres Por Juan Sabino Cruz Tepeapulco, Hgo.- Un total de 39 personas que ilegalmente se internaron al territorio mexicano, el d\u00eda de ayer, fueron rescatados al viajar de \u201cmosca\u201d en el ferrocarril. Personal del Instituto Nacional de Migraci\u00f3n en coordinaci\u00f3n con Polic\u00eda Municipal de Apan, Tepeapulco y Polic\u00eda Estatal, encabezo el<\/p>\n","protected":false},"author":2,"featured_media":46447,"comment_status":"open","ping_status":"closed","sticky":false,"template":"","format":"standard","meta":{"footnotes":""},"categories":[10],"tags":[],"class_list":{"0":"post-46446","1":"post","2":"type-post","3":"status-publish","4":"format-standard","5":"has-post-thumbnail","7":"category-hidalgo"},"_links":{"self":[{"href":"https:\/\/elreporterohgo.com\/noticias\/wp-json\/wp\/v2\/posts\/46446","targetHints":{"allow":["GET"]}}],"collection":[{"href":"https:\/\/elreporterohgo.com\/noticias\/wp-json\/wp\/v2\/posts"}],"about":[{"href":"https:\/\/elreporterohgo.com\/noticias\/wp-json\/wp\/v2\/types\/post"}],"author":[{"embeddable":true,"href":"https:\/\/elreporterohgo.com\/noticias\/wp-json\/wp\/v2\/users\/2"}],"replies":[{"embeddable":true,"href":"https:\/\/elreporterohgo.com\/noticias\/wp-json\/wp\/v2\/comments?post=46446"}],"version-history":[{"count":1,"href":"https:\/\/elreporterohgo.com\/noticias\/wp-json\/wp\/v2\/posts\/46446\/revisions"}],"predecessor-version":[{"id":46448,"href":"https:\/\/elreporterohgo.com\/noticias\/wp-json\/wp\/v2\/posts\/46446\/revisions\/46448"}],"wp:featuredmedia":[{"embeddable":true,"href":"https:\/\/elreporterohgo.com\/noticias\/wp-json\/wp\/v2\/media\/46447"}],"wp:attachment":[{"href":"https:\/\/elreporterohgo.com\/noticias\/wp-json\/wp\/v2\/media?parent=46446"}],"wp:term":[{"taxonomy":"category","embeddable":true,"href":"https:\/\/elreporterohgo.com\/noticias\/wp-json\/wp\/v2\/categories?post=46446"},{"taxonomy":"post_tag","embeddable":true,"href":"https:\/\/elreporterohgo.com\/noticias\/wp-json\/wp\/v2\/tags?post=46446"}],"curies":[{"name":"wp","href":"https:\/\/api.w.org\/{rel}","templated":true}]}}