{"id":46443,"date":"2022-02-10T22:29:38","date_gmt":"2022-02-11T04:29:38","guid":{"rendered":"https:\/\/elreporterohgo.com\/noticias\/?p=46443"},"modified":"2022-02-10T22:29:40","modified_gmt":"2022-02-11T04:29:40","slug":"no-no-es-tu-mala-memoria-hay-otra-secuela-del-covid-puedes-sufrir-sintomas-parecidos-al-alzheimer","status":"publish","type":"post","link":"https:\/\/elreporterohgo.com\/noticias\/2022\/02\/10\/no-no-es-tu-mala-memoria-hay-otra-secuela-del-covid-puedes-sufrir-sintomas-parecidos-al-alzheimer\/","title":{"rendered":"No, no es tu mala memoria, hay otra secuela del COVID:  puedes sufrir s\u00edntomas parecidos al Alzheimer"},"content":{"rendered":"\n<ul class=\"wp-block-list\"><li>A nivel neurol\u00f3gico tambi\u00e9n se han reportado secuelas como fatiga, ansiedad, depresi\u00f3n y cambios en el ciclo del sue\u00f1o<\/li><\/ul>\n\n\n\n<p>Poco se sabe a\u00fan sobre las<strong>&nbsp;secuelas del COVID-19&nbsp;<\/strong>y distintas personas han quedado con ellas por d\u00edas, semanas e incluso meses. Entre las afecciones m\u00e1s reportadas se encuentran problemas con el coraz\u00f3n, los pulmones, los ri\u00f1ones, la piel e incluso, el cerebro.<\/p>\n\n\n\n<p>Un estudio publicado en&nbsp;<a href=\"https:s:\/\/alz-journals.onlinelibrary.wiley.com\/doi\/10.1002\/alz.12558\"><strong>Alzheimer\u2019s &amp; Dementia: The Journal of the Alzheimer\u2019s Association<\/strong><\/a>descubri\u00f3<strong>&nbsp;los cambios moleculares cerebrales que ocurren en personas que tuvieron cuadros graves de COVID-19 y posteriormente murieron.<\/strong>&nbsp;Asimismo, los especialistas aseguran que los pacientes con&nbsp;<strong>COVID<\/strong>-19 podr\u00edan desarrollar s\u00edntomas similares a la enfermedad de Alzheimer.<\/p>\n\n\n\n<p>\u201cNuestros experimentos demuestran que la infecci\u00f3n por SARS-CoV-2 activa v\u00edas bioqu\u00edmicas vinculadas a la patolog\u00eda tau asociada con la EA y que los canales RyR Ca2+ con fugas pueden ser un objetivo terap\u00e9utico potencial para las complicaciones neurol\u00f3gicas asociadas con\u00a0<strong>COVID<\/strong>-19\u2033, se\u00f1ala el estudio.<\/p>\n\n\n\n<p><a href=\"https:s:\/\/www.elfinanciero.com.mx\/nacional\/2022\/02\/09\/mexico-aplica-388361-nuevas-dosis-de-vacunas-covid-van-1702-millones\/\"><\/a><\/p>\n\n\n\n<figure class=\"wp-block-image\"><img fetchpriority=\"high\" decoding=\"async\" width=\"575\" height=\"1024\" src=\"https::\/\/elreporterohgo.com\/noticias\/wp-content\/uploads\/2022\/02\/WhatsApp-Image-2022-02-04-at-9.56.01-PM-7-575x1024.jpeg\" alt=\"\" class=\"wp-image-46444\" srcset=\"https:\/\/elreporterohgo.com\/noticias\/wp-content\/uploads\/2022\/02\/WhatsApp-Image-2022-02-04-at-9.56.01-PM-7-575x1024.jpeg 575w, https:\/\/elreporterohgo.com\/noticias\/wp-content\/uploads\/2022\/02\/WhatsApp-Image-2022-02-04-at-9.56.01-PM-7-169x300.jpeg 169w, https:\/\/elreporterohgo.com\/noticias\/wp-content\/uploads\/2022\/02\/WhatsApp-Image-2022-02-04-at-9.56.01-PM-7.jpeg 719w\" sizes=\"(max-width: 575px) 100vw, 575px\" \/><\/figure>\n\n\n\n<p>Entre algunas otras&nbsp;<strong>secuelas&nbsp;<\/strong>neurol\u00f3gicas que han presentado las personas que tuvieron&nbsp;<strong>COVID<\/strong>-19 se encuentran s\u00edntomas como<strong>&nbsp;fatiga, d\u00e9ficits cognitivos, ansiedad, cambios en el ciclo sue\u00f1o-vigilia y depresi\u00f3n<\/strong>, los cuales pueden producirse por la presencia sostenida de inflamaci\u00f3n perif\u00e9rica del cerebro, se\u00f1ala otro estudio publicado en la Biblioteca Nacional de Medicina (NIH, por sus siglas en ingl\u00e9s).<\/p>\n\n\n\n<p>Dicha investigaci\u00f3n fue realizada por cient\u00edficos del Colegio de M\u00e9dicos y Cirujanos Vagelos de la Universidad de Columbia, con 10 personas, donde encontraron afecciones en&nbsp;<strong>mol\u00e9culas<\/strong>&nbsp;llamadas&nbsp;<strong>\u201creceptores de rianodina\u201d,&nbsp;<\/strong>las cuales est\u00e1n relacionadas con<strong>&nbsp;enfermedades card\u00edacas, pulmonares y la enfermedad de Alzheimer.<\/strong><\/p>\n\n\n\n<p>Tambi\u00e9n encontraronrastros de la prote\u00edna&nbsp;<strong>tau fosforilada<\/strong>&nbsp;en los pacientes, lo cual podr\u00eda ser un signo de Alzheimer en fase inicial e incluso podr\u00eda contribuir a otros s\u00edntomas neurol\u00f3gicos observados en las personas que presentan secuelas por<strong>&nbsp;COVID-19<\/strong>.<\/p>\n\n\n\n<p>Pese a ello, los investigadores se\u00f1alan que deben realizarse m\u00e1s investigaciones que ayuden a explicar los problemas de memoria que presentan los enfermos de\u00a0<strong>COVID<\/strong>-19 largo o las\u00a0<strong>secuelas\u00a0<\/strong>postcovid.<\/p>\n","protected":false},"excerpt":{"rendered":"<p>A nivel neurol\u00f3gico tambi\u00e9n se han reportado secuelas como fatiga, ansiedad, depresi\u00f3n y cambios en el ciclo del sue\u00f1o Poco se sabe a\u00fan sobre las&nbsp;secuelas del COVID-19&nbsp;y distintas personas han quedado con ellas por d\u00edas, semanas e incluso meses. Entre las afecciones m\u00e1s reportadas se encuentran problemas con el coraz\u00f3n, los pulmones, los ri\u00f1ones, la<\/p>\n","protected":false},"author":2,"featured_media":46444,"comment_status":"open","ping_status":"closed","sticky":false,"template":"","format":"standard","meta":{"footnotes":""},"categories":[10],"tags":[],"class_list":{"0":"post-46443","1":"post","2":"type-post","3":"status-publish","4":"format-standard","5":"has-post-thumbnail","7":"category-hidalgo"},"_links":{"self":[{"href":"https:\/\/elreporterohgo.com\/noticias\/wp-json\/wp\/v2\/posts\/46443","targetHints":{"allow":["GET"]}}],"collection":[{"href":"https:\/\/elreporterohgo.com\/noticias\/wp-json\/wp\/v2\/posts"}],"about":[{"href":"https:\/\/elreporterohgo.com\/noticias\/wp-json\/wp\/v2\/types\/post"}],"author":[{"embeddable":true,"href":"https:\/\/elreporterohgo.com\/noticias\/wp-json\/wp\/v2\/users\/2"}],"replies":[{"embeddable":true,"href":"https:\/\/elreporterohgo.com\/noticias\/wp-json\/wp\/v2\/comments?post=46443"}],"version-history":[{"count":1,"href":"https:\/\/elreporterohgo.com\/noticias\/wp-json\/wp\/v2\/posts\/46443\/revisions"}],"predecessor-version":[{"id":46445,"href":"https:\/\/elreporterohgo.com\/noticias\/wp-json\/wp\/v2\/posts\/46443\/revisions\/46445"}],"wp:featuredmedia":[{"embeddable":true,"href":"https:\/\/elreporterohgo.com\/noticias\/wp-json\/wp\/v2\/media\/46444"}],"wp:attachment":[{"href":"https:\/\/elreporterohgo.com\/noticias\/wp-json\/wp\/v2\/media?parent=46443"}],"wp:term":[{"taxonomy":"category","embeddable":true,"href":"https:\/\/elreporterohgo.com\/noticias\/wp-json\/wp\/v2\/categories?post=46443"},{"taxonomy":"post_tag","embeddable":true,"href":"https:\/\/elreporterohgo.com\/noticias\/wp-json\/wp\/v2\/tags?post=46443"}],"curies":[{"name":"wp","href":"https:\/\/api.w.org\/{rel}","templated":true}]}}