{"id":46434,"date":"2022-02-10T21:07:13","date_gmt":"2022-02-11T03:07:13","guid":{"rendered":"https:\/\/elreporterohgo.com\/noticias\/?p=46434"},"modified":"2022-02-10T21:07:13","modified_gmt":"2022-02-11T03:07:13","slug":"ceremonia-conmemorativa-del-107-aniversario-de-la-fuerza-aerea-mexicana","status":"publish","type":"post","link":"https:\/\/elreporterohgo.com\/noticias\/2022\/02\/10\/ceremonia-conmemorativa-del-107-aniversario-de-la-fuerza-aerea-mexicana\/","title":{"rendered":"Ceremonia conmemorativa      del 107 aniversario de la Fuerza A\u00e9rea Mexicana"},"content":{"rendered":"\n<figure class=\"wp-block-image\"><img fetchpriority=\"high\" decoding=\"async\" width=\"1024\" height=\"683\" src=\"https::\/\/elreporterohgo.com\/noticias\/wp-content\/uploads\/2022\/02\/unnamed-2022-02-10T210439.048-1024x683.jpg\" alt=\"\" class=\"wp-image-46435\" srcset=\"https:\/\/elreporterohgo.com\/noticias\/wp-content\/uploads\/2022\/02\/unnamed-2022-02-10T210439.048-1024x683.jpg 1024w, https:\/\/elreporterohgo.com\/noticias\/wp-content\/uploads\/2022\/02\/unnamed-2022-02-10T210439.048-300x200.jpg 300w, https:\/\/elreporterohgo.com\/noticias\/wp-content\/uploads\/2022\/02\/unnamed-2022-02-10T210439.048-768x512.jpg 768w, https:\/\/elreporterohgo.com\/noticias\/wp-content\/uploads\/2022\/02\/unnamed-2022-02-10T210439.048.jpg 1587w\" sizes=\"(max-width: 1024px) 100vw, 1024px\" \/><\/figure>\n\n\n\n<ul class=\"wp-block-list\"><li>Zumpango, Estado de M\u00e9xico.-\n     El gobernador de Hidalgo acompa\u00f1\u00f3 al presidente de M\u00e9xico, a la ceremonia conmemorativa\n     del 107 aniversario de la Fuerza A\u00e9rea Mexicana, instituci\u00f3n con alto\n     patriotismo al servicio de los mexicanos.<\/li><li>En\n     el marco de la conmemoraci\u00f3n, autoridades e invitados realizaron un recorrido\n     por la Escuela Militar de Tropas Especialistas de la Fuerza A\u00e9rea, la\n     Escuela Militar de Materiales de Guerra y el Museo Militar de Aviaci\u00f3n.<\/li><li>Los\n     museos estar\u00e1n abiertos al p\u00fablico en general, la poblaci\u00f3n puede visitarlos\n     para conocer la historia de la aviaci\u00f3n en M\u00e9xico.<\/li><li><a>El mandatario hidalguense felicit\u00f3 a los\n     elementos que integran la Fuerza A\u00e9rea Mexicana, mujeres y hombres quienes\n     cumplen sus responsabilidades con total entrega y profundo amor a M\u00e9xico y\n     quienes conforman a una de las instituciones de mayor confianza para los\n     mexicanos.<\/a><\/li><\/ul>\n","protected":false},"excerpt":{"rendered":"<p>Zumpango, Estado de M\u00e9xico.- El gobernador de Hidalgo acompa\u00f1\u00f3 al presidente de M\u00e9xico, a la ceremonia conmemorativa del 107 aniversario de la Fuerza A\u00e9rea Mexicana, instituci\u00f3n con alto patriotismo al servicio de los mexicanos. En el marco de la conmemoraci\u00f3n, autoridades e invitados realizaron un recorrido por la Escuela Militar de Tropas Especialistas de la<\/p>\n","protected":false},"author":2,"featured_media":46435,"comment_status":"open","ping_status":"closed","sticky":false,"template":"","format":"standard","meta":{"footnotes":""},"categories":[10],"tags":[],"class_list":{"0":"post-46434","1":"post","2":"type-post","3":"status-publish","4":"format-standard","5":"has-post-thumbnail","7":"category-hidalgo"},"_links":{"self":[{"href":"https:\/\/elreporterohgo.com\/noticias\/wp-json\/wp\/v2\/posts\/46434","targetHints":{"allow":["GET"]}}],"collection":[{"href":"https:\/\/elreporterohgo.com\/noticias\/wp-json\/wp\/v2\/posts"}],"about":[{"href":"https:\/\/elreporterohgo.com\/noticias\/wp-json\/wp\/v2\/types\/post"}],"author":[{"embeddable":true,"href":"https:\/\/elreporterohgo.com\/noticias\/wp-json\/wp\/v2\/users\/2"}],"replies":[{"embeddable":true,"href":"https:\/\/elreporterohgo.com\/noticias\/wp-json\/wp\/v2\/comments?post=46434"}],"version-history":[{"count":1,"href":"https:\/\/elreporterohgo.com\/noticias\/wp-json\/wp\/v2\/posts\/46434\/revisions"}],"predecessor-version":[{"id":46436,"href":"https:\/\/elreporterohgo.com\/noticias\/wp-json\/wp\/v2\/posts\/46434\/revisions\/46436"}],"wp:featuredmedia":[{"embeddable":true,"href":"https:\/\/elreporterohgo.com\/noticias\/wp-json\/wp\/v2\/media\/46435"}],"wp:attachment":[{"href":"https:\/\/elreporterohgo.com\/noticias\/wp-json\/wp\/v2\/media?parent=46434"}],"wp:term":[{"taxonomy":"category","embeddable":true,"href":"https:\/\/elreporterohgo.com\/noticias\/wp-json\/wp\/v2\/categories?post=46434"},{"taxonomy":"post_tag","embeddable":true,"href":"https:\/\/elreporterohgo.com\/noticias\/wp-json\/wp\/v2\/tags?post=46434"}],"curies":[{"name":"wp","href":"https:\/\/api.w.org\/{rel}","templated":true}]}}