{"id":46421,"date":"2022-02-10T10:48:35","date_gmt":"2022-02-10T16:48:35","guid":{"rendered":"https:\/\/elreporterohgo.com\/noticias\/?p=46421"},"modified":"2022-02-10T10:48:36","modified_gmt":"2022-02-10T16:48:36","slug":"sectores-populares-respaldan-proyecto-de-carolina-viggiano","status":"publish","type":"post","link":"https:\/\/elreporterohgo.com\/noticias\/2022\/02\/10\/sectores-populares-respaldan-proyecto-de-carolina-viggiano\/","title":{"rendered":"Sectores Populares respaldan proyecto de Carolina Viggiano"},"content":{"rendered":"\n<figure class=\"wp-block-image\"><img fetchpriority=\"high\" decoding=\"async\" width=\"1024\" height=\"683\" src=\"https::\/\/elreporterohgo.com\/noticias\/wp-content\/uploads\/2022\/02\/Foto-1-43-1024x683.jpg\" alt=\"\" class=\"wp-image-46422\" srcset=\"https:\/\/elreporterohgo.com\/noticias\/wp-content\/uploads\/2022\/02\/Foto-1-43-1024x683.jpg 1024w, https:\/\/elreporterohgo.com\/noticias\/wp-content\/uploads\/2022\/02\/Foto-1-43-300x200.jpg 300w, https:\/\/elreporterohgo.com\/noticias\/wp-content\/uploads\/2022\/02\/Foto-1-43-768x512.jpg 768w\" sizes=\"(max-width: 1024px) 100vw, 1024px\" \/><\/figure>\n\n\n\n<p>Pachuca, Hgo.-\nSectores populares, comerciantes,\nprofesionistas, organizaciones, militantes y simpatizantes del Partido\nRevolucionario Insitucional (PRI), manifestaron su respaldo y adhesi\u00f3n al\nproyecto que encabeza Carolina Viggiano Austria, durante el nombramiento del\nsecretario general de la Confederaci\u00f3n Nacional de Oganizaciones Populares\n(CNOP) en Hidalgo.<\/p>\n\n\n\n<p>En su\nintervenci\u00f3n, el presidente del Comit\u00e9 Directivo Estatal Julio Manuel Valera\nPiedras, reiter\u00f3 el compromiso y apoyo absoluto hacia Carolina Viggiano: \u201cA\nnombre del priismo hidalguense te reafirmamos nuestro apoyo y compromiso, t\u00fa\neres el proyecto del PRI y estoy convencido que con tu talento y con la fuerza\nde toda nuestra militancia, ser\u00e1s la pr\u00f3xima gobernadora de Hidalgo\u201d.<\/p>\n\n\n\n<p>Sostuvo\nque los sectores obrero y popular, son la base de la integraci\u00f3n social de este\ninstituto pol\u00edtico y que durante muchos a\u00f1os el PRI ha acompa\u00f1ado cada una de\nsus causas, siendo la caja de resonancia de esas demandas, para a su vez,\nconstruir respuestas. <\/p>\n\n\n\n<p>\u201cSomos\nun partido que naci\u00f3 para mostrar que en la pluralidad existen prop\u00f3sitos\ncomunes, un partido que reuni\u00f3 a todos los sectores de la sociedad, que obtuvo\nsu fuerza de la cohesi\u00f3n y que supo unificar visiones para construir un pa\u00eds en\nel que todas y todos, tuvi\u00e9ramos espacio, lugar y momento\u201d, manifest\u00f3 Valera\nPiedras.<\/p>\n\n\n\n<p>Por su\nparte, la secretaria general del CEN del PRI, Carolina Viggiano asegur\u00f3 que con\nla lealtad de los hombres y mujeres CNOPistas, se podr\u00e1n alcanzar nuevas metas\ny trazar nuevos rumbos de bienestar para toda la sociedad hidalguense.<\/p>\n\n\n\n<p>\u201cNecesitamos\nrenovarnos, adaptarnos para ofrecer nuevas soluciones a una nueva realidad, a\nuna clase social media que est\u00e1 sufriendo, a ella nos debemos, por eso&nbsp; vamos a hacer solidarios, vamos a ha estar\ncerca, se atender\u00e1n las demandas de los que menos tienen\u201d.<\/p>\n\n\n\n<p>Viggiano\nAustria sostuvo que es necesario dignificar a la clase media, ya que ha sido\natacada y menospreciada por otros gobiernos, pero que son la base del\ndesarrollo y crecimiento de todo el pa\u00eds.<\/p>\n\n\n\n<p>Por su\nparte Cristina Ruiz Sandoval, secretaria general de la Confederanci\u00f3n Nacional\nde Organizaciones Populares, reiter\u00f3 su apoyo a la tambi\u00e9n secretaria general\ndel CEN del PRI.<\/p>\n\n\n\n<p>\u201cNo\ntengamos la menor duda, hoy es el tiempo de las mujeres y es el tiempo para que\nel PRI, la CNOP y la alianza Va por Hidalgo, tenga una gobernadora del nivel de\nCarolina, mujer de lucha y que ha ganado a la buena y con trabajo todas las\nelecciones en las que ha participado y \u00e9sta no va a ser la excepci\u00f3n\u201d.\nConcluy\u00f3.<\/p>\n\n\n\n<p>Finalmente\nla dirigente nacional de la CNOP tom\u00f3 protesta como nuevo dirigente de este\norganismo en la entidad a H\u00e9ctor Meneses Arrieta, quien sustituy\u00f3 a Sali Bass\nArroyo.<\/p>\n","protected":false},"excerpt":{"rendered":"<p>Pachuca, Hgo.- Sectores populares, comerciantes, profesionistas, organizaciones, militantes y simpatizantes del Partido Revolucionario Insitucional (PRI), manifestaron su respaldo y adhesi\u00f3n al proyecto que encabeza Carolina Viggiano Austria, durante el nombramiento del secretario general de la Confederaci\u00f3n Nacional de Oganizaciones Populares (CNOP) en Hidalgo. En su intervenci\u00f3n, el presidente del Comit\u00e9 Directivo Estatal Julio Manuel Valera<\/p>\n","protected":false},"author":2,"featured_media":46422,"comment_status":"open","ping_status":"closed","sticky":false,"template":"","format":"standard","meta":{"footnotes":""},"categories":[10],"tags":[],"class_list":{"0":"post-46421","1":"post","2":"type-post","3":"status-publish","4":"format-standard","5":"has-post-thumbnail","7":"category-hidalgo"},"_links":{"self":[{"href":"https:\/\/elreporterohgo.com\/noticias\/wp-json\/wp\/v2\/posts\/46421","targetHints":{"allow":["GET"]}}],"collection":[{"href":"https:\/\/elreporterohgo.com\/noticias\/wp-json\/wp\/v2\/posts"}],"about":[{"href":"https:\/\/elreporterohgo.com\/noticias\/wp-json\/wp\/v2\/types\/post"}],"author":[{"embeddable":true,"href":"https:\/\/elreporterohgo.com\/noticias\/wp-json\/wp\/v2\/users\/2"}],"replies":[{"embeddable":true,"href":"https:\/\/elreporterohgo.com\/noticias\/wp-json\/wp\/v2\/comments?post=46421"}],"version-history":[{"count":1,"href":"https:\/\/elreporterohgo.com\/noticias\/wp-json\/wp\/v2\/posts\/46421\/revisions"}],"predecessor-version":[{"id":46423,"href":"https:\/\/elreporterohgo.com\/noticias\/wp-json\/wp\/v2\/posts\/46421\/revisions\/46423"}],"wp:featuredmedia":[{"embeddable":true,"href":"https:\/\/elreporterohgo.com\/noticias\/wp-json\/wp\/v2\/media\/46422"}],"wp:attachment":[{"href":"https:\/\/elreporterohgo.com\/noticias\/wp-json\/wp\/v2\/media?parent=46421"}],"wp:term":[{"taxonomy":"category","embeddable":true,"href":"https:\/\/elreporterohgo.com\/noticias\/wp-json\/wp\/v2\/categories?post=46421"},{"taxonomy":"post_tag","embeddable":true,"href":"https:\/\/elreporterohgo.com\/noticias\/wp-json\/wp\/v2\/tags?post=46421"}],"curies":[{"name":"wp","href":"https:\/\/api.w.org\/{rel}","templated":true}]}}