{"id":46385,"date":"2022-02-08T22:34:34","date_gmt":"2022-02-09T04:34:34","guid":{"rendered":"https:\/\/elreporterohgo.com\/noticias\/?p=46385"},"modified":"2022-02-08T22:36:42","modified_gmt":"2022-02-09T04:36:42","slug":"convocatoria-para-ocupar-importantes-cargos-publico","status":"publish","type":"post","link":"https:\/\/elreporterohgo.com\/noticias\/2022\/02\/08\/convocatoria-para-ocupar-importantes-cargos-publico\/","title":{"rendered":"Convocatoria para ocupar importantes cargos p\u00b4\u00b4ublicos"},"content":{"rendered":"\n<figure class=\"wp-block-image\"><img fetchpriority=\"high\" decoding=\"async\" width=\"764\" height=\"506\" src=\"https::\/\/elreporterohgo.com\/noticias\/wp-content\/uploads\/2022\/02\/0e9105b7-27ce-43ca-8461-e03260e18108.jpg\" alt=\"\" class=\"wp-image-46386\" srcset=\"https:\/\/elreporterohgo.com\/noticias\/wp-content\/uploads\/2022\/02\/0e9105b7-27ce-43ca-8461-e03260e18108.jpg 764w, https:\/\/elreporterohgo.com\/noticias\/wp-content\/uploads\/2022\/02\/0e9105b7-27ce-43ca-8461-e03260e18108-300x199.jpg 300w\" sizes=\"(max-width: 764px) 100vw, 764px\" \/><\/figure>\n\n\n\n<p>Emitida por el Congreso de Hidalgo<\/p>\n\n\n\n<p>PACHUCA, Hgo.-  Se convoca a las personas interesadas a participar en el Proceso de designaci\u00f3n para ocupar la titularidad de los \u00d3rganos Internos de Control de la Auditoria Superior del Estado, el Instituto Estatal Electoral, el Tribunal Estatal Electoral, la Comisi\u00f3n Estatal de Derechos Humanos y el Instituto de Transparencia, Acceso a la Informaci\u00f3n P\u00fablica Gubernamental y Protecci\u00f3n de Datos Personales del Estado, todos de Hidalgo.<\/p>\n\n\n\n<p>Lo anterior de conformidad con lo establecido en los art\u00edculos de 74 BIS y 74 TER de la Ley Org\u00e1nica del Poder Legislativo del Estado de Hidalgo as\u00ed como los se\u00f1alado en las respectivas Leyes Org\u00e1nicas de las Instituciones antes citadas, a trav\u00e9s del siguiente enlace:<\/p>\n\n\n\n<figure class=\"wp-block-embed-wordpress wp-block-embed is-type-wp-embed is-provider-periodico-oficial-del-estado-de-hidalgo\"><div class=\"wp-block-embed__wrapper\">\nhttps:s:\/\/periodico.hidalgo.gob.mx\/?tribe_events=Periodico-Oficial-Alcance-1-del-08-de-febrero-de-2022\n<\/div><\/figure>\n","protected":false},"excerpt":{"rendered":"<p>Emitida por el Congreso de Hidalgo PACHUCA, Hgo.- Se convoca a las personas interesadas a participar en el Proceso de designaci\u00f3n para ocupar la titularidad de los \u00d3rganos Internos de Control de la Auditoria Superior del Estado, el Instituto Estatal Electoral, el Tribunal Estatal Electoral, la Comisi\u00f3n Estatal de Derechos Humanos y el Instituto de<\/p>\n","protected":false},"author":2,"featured_media":46386,"comment_status":"open","ping_status":"closed","sticky":false,"template":"","format":"standard","meta":{"footnotes":""},"categories":[10],"tags":[],"class_list":{"0":"post-46385","1":"post","2":"type-post","3":"status-publish","4":"format-standard","5":"has-post-thumbnail","7":"category-hidalgo"},"_links":{"self":[{"href":"https:\/\/elreporterohgo.com\/noticias\/wp-json\/wp\/v2\/posts\/46385","targetHints":{"allow":["GET"]}}],"collection":[{"href":"https:\/\/elreporterohgo.com\/noticias\/wp-json\/wp\/v2\/posts"}],"about":[{"href":"https:\/\/elreporterohgo.com\/noticias\/wp-json\/wp\/v2\/types\/post"}],"author":[{"embeddable":true,"href":"https:\/\/elreporterohgo.com\/noticias\/wp-json\/wp\/v2\/users\/2"}],"replies":[{"embeddable":true,"href":"https:\/\/elreporterohgo.com\/noticias\/wp-json\/wp\/v2\/comments?post=46385"}],"version-history":[{"count":2,"href":"https:\/\/elreporterohgo.com\/noticias\/wp-json\/wp\/v2\/posts\/46385\/revisions"}],"predecessor-version":[{"id":46390,"href":"https:\/\/elreporterohgo.com\/noticias\/wp-json\/wp\/v2\/posts\/46385\/revisions\/46390"}],"wp:featuredmedia":[{"embeddable":true,"href":"https:\/\/elreporterohgo.com\/noticias\/wp-json\/wp\/v2\/media\/46386"}],"wp:attachment":[{"href":"https:\/\/elreporterohgo.com\/noticias\/wp-json\/wp\/v2\/media?parent=46385"}],"wp:term":[{"taxonomy":"category","embeddable":true,"href":"https:\/\/elreporterohgo.com\/noticias\/wp-json\/wp\/v2\/categories?post=46385"},{"taxonomy":"post_tag","embeddable":true,"href":"https:\/\/elreporterohgo.com\/noticias\/wp-json\/wp\/v2\/tags?post=46385"}],"curies":[{"name":"wp","href":"https:\/\/api.w.org\/{rel}","templated":true}]}}