{"id":46369,"date":"2022-02-08T16:19:49","date_gmt":"2022-02-08T22:19:49","guid":{"rendered":"https:\/\/elreporterohgo.com\/noticias\/?p=46369"},"modified":"2022-02-08T16:19:50","modified_gmt":"2022-02-08T22:19:50","slug":"mesas-de-trabajo-con-el-objetivo-de-legislar-para-la-obtencion-de-obra-publica","status":"publish","type":"post","link":"https:\/\/elreporterohgo.com\/noticias\/2022\/02\/08\/mesas-de-trabajo-con-el-objetivo-de-legislar-para-la-obtencion-de-obra-publica\/","title":{"rendered":"Mesas de trabajo con el objetivo de legislar para la obtenci\u00f3n de obra p\u00fablica"},"content":{"rendered":"\n<figure class=\"wp-block-image\"><img fetchpriority=\"high\" decoding=\"async\" width=\"1024\" height=\"683\" src=\"https::\/\/elreporterohgo.com\/noticias\/wp-content\/uploads\/2022\/02\/08.02.22-manifestaci\u00f3n-9-1024x683.jpg\" alt=\"\" class=\"wp-image-46370\" srcset=\"https:\/\/elreporterohgo.com\/noticias\/wp-content\/uploads\/2022\/02\/08.02.22-manifestaci\u00f3n-9-1024x683.jpg 1024w, https:\/\/elreporterohgo.com\/noticias\/wp-content\/uploads\/2022\/02\/08.02.22-manifestaci\u00f3n-9-300x200.jpg 300w, https:\/\/elreporterohgo.com\/noticias\/wp-content\/uploads\/2022\/02\/08.02.22-manifestaci\u00f3n-9-768x512.jpg 768w, https:\/\/elreporterohgo.com\/noticias\/wp-content\/uploads\/2022\/02\/08.02.22-manifestaci\u00f3n-9.jpg 1500w\" sizes=\"(max-width: 1024px) 100vw, 1024px\" \/><\/figure>\n\n\n\n<p>Estuvo presente en diputado Jorge Hern\u00e1ndez Ara\u00faz<\/p>\n\n\n\n<p>PACHUCA, HGO.- La ma\u00f1ana de este martes alrededor de una centena de vecinos de las comunidades provenientes del Valle del Mezquital y que forman parte de las asociaciones Movimiento Nacional Obradorista y Movimiento Social Patri\u00f3tico se dieron cita en las inmediaciones del Poder Legislativo para dialogar con el presidente de la Junta de Gobierno, Jorge Hern\u00e1ndez Araus. <\/p>\n\n\n\n<p>De manera inmediata, el diputado presidente hizo pasar a los manifestantes y escuch\u00f3 su sentir, principalmente en materia de obtenci\u00f3n de obra p\u00fablica.&nbsp;<\/p>\n\n\n\n<p>Como resultado del di\u00e1logo, los ciudadanos y el representante del Congreso del Estado de Hidalgo firmaron una minuta de trabajo, en la que se acord\u00f3 convocar a mesa de labores el pr\u00f3ximo 23 de febrero, haciendo extensiva la invitaci\u00f3n para los dem\u00e1s integrantes de la LXV Legislatura, lo anterior con la finalidad de dise\u00f1ar estrategias para la gesti\u00f3n de mejoras carreteras, sistema de agua y el\u00e9ctricos en las localidades de El Cardonal, Huejutla, San Agust\u00edn, Acatl\u00e1n, Tasquillo e Ixmiquilpan, por mencionar algunas.<\/p>\n\n\n\n<p>Los asistentes a la casa del pueblo agradecieron la atenci\u00f3n y apoyo brindadas por Hern\u00e1ndez Araus y remarcaron su disposici\u00f3n para transitar en equipo con el Legislativo.<\/p>\n","protected":false},"excerpt":{"rendered":"<p>Estuvo presente en diputado Jorge Hern\u00e1ndez Ara\u00faz PACHUCA, HGO.- La ma\u00f1ana de este martes alrededor de una centena de vecinos de las comunidades provenientes del Valle del Mezquital y que forman parte de las asociaciones Movimiento Nacional Obradorista y Movimiento Social Patri\u00f3tico se dieron cita en las inmediaciones del Poder Legislativo para dialogar con el<\/p>\n","protected":false},"author":2,"featured_media":46370,"comment_status":"open","ping_status":"closed","sticky":false,"template":"","format":"standard","meta":{"footnotes":""},"categories":[10],"tags":[],"class_list":{"0":"post-46369","1":"post","2":"type-post","3":"status-publish","4":"format-standard","5":"has-post-thumbnail","7":"category-hidalgo"},"_links":{"self":[{"href":"https:\/\/elreporterohgo.com\/noticias\/wp-json\/wp\/v2\/posts\/46369","targetHints":{"allow":["GET"]}}],"collection":[{"href":"https:\/\/elreporterohgo.com\/noticias\/wp-json\/wp\/v2\/posts"}],"about":[{"href":"https:\/\/elreporterohgo.com\/noticias\/wp-json\/wp\/v2\/types\/post"}],"author":[{"embeddable":true,"href":"https:\/\/elreporterohgo.com\/noticias\/wp-json\/wp\/v2\/users\/2"}],"replies":[{"embeddable":true,"href":"https:\/\/elreporterohgo.com\/noticias\/wp-json\/wp\/v2\/comments?post=46369"}],"version-history":[{"count":1,"href":"https:\/\/elreporterohgo.com\/noticias\/wp-json\/wp\/v2\/posts\/46369\/revisions"}],"predecessor-version":[{"id":46371,"href":"https:\/\/elreporterohgo.com\/noticias\/wp-json\/wp\/v2\/posts\/46369\/revisions\/46371"}],"wp:featuredmedia":[{"embeddable":true,"href":"https:\/\/elreporterohgo.com\/noticias\/wp-json\/wp\/v2\/media\/46370"}],"wp:attachment":[{"href":"https:\/\/elreporterohgo.com\/noticias\/wp-json\/wp\/v2\/media?parent=46369"}],"wp:term":[{"taxonomy":"category","embeddable":true,"href":"https:\/\/elreporterohgo.com\/noticias\/wp-json\/wp\/v2\/categories?post=46369"},{"taxonomy":"post_tag","embeddable":true,"href":"https:\/\/elreporterohgo.com\/noticias\/wp-json\/wp\/v2\/tags?post=46369"}],"curies":[{"name":"wp","href":"https:\/\/api.w.org\/{rel}","templated":true}]}}