{"id":46349,"date":"2022-02-07T22:50:36","date_gmt":"2022-02-08T04:50:36","guid":{"rendered":"https:\/\/elreporterohgo.com\/noticias\/?p=46349"},"modified":"2022-02-07T22:50:38","modified_gmt":"2022-02-08T04:50:38","slug":"un-zumbido-persistente-en-los-oidos-otra-secuela-de-la-covid-19","status":"publish","type":"post","link":"https:\/\/elreporterohgo.com\/noticias\/2022\/02\/07\/un-zumbido-persistente-en-los-oidos-otra-secuela-de-la-covid-19\/","title":{"rendered":"Un zumbido persistente en los o\u00eddos: otra secuela de la COVID-19"},"content":{"rendered":"\n<ul class=\"wp-block-list\"><li>Es tinnitus y podr\u00eda ser una secuela del virus, los analistas consideran que el virus pudo afectar las c\u00e9lulas del o\u00eddo interno y por ello se presenta esta secuela.<\/li><\/ul>\n\n\n\n<p>En la investigaci\u00f3n&nbsp;<em>Direct SARS-CoV-2 infection of the human inner ear may underlie COVID-19-associated audiovestibular dysfunction<\/em>&nbsp;<strong>se reportan casos de pacientes que pierden el o\u00eddo, presentan disfunci\u00f3n auditiva y tinnitus.<\/strong><\/p>\n\n\n\n<p>Pero y a todo esto, \u00bfqu\u00e9 es el\u00a0<strong>tinnitus<\/strong>? As\u00ed es como se le conoce a\u00a0<strong>molestias como zumbidos o murmullos en los o\u00eddos.<\/strong>\u00a0Estos solo los oyen los afectados y no tienen una explicaci\u00f3n basada en el entorno externo.<\/p>\n\n\n\n<p><strong>En la investigaci\u00f3n se analizaron 10 casos de pacientes que tuvieron COVID. Posteriormente las personas tuvieron tinnitus.\u00a0<\/strong>Los analistas consideran que el virus pudo afectar las c\u00e9lulas del o\u00eddo interno y por ello presentan esta secuela. <\/p>\n\n\n\n<p>Para investigar l<strong>a relaci\u00f3n causal entre el SARS-CoV-2 y la disfunci\u00f3n audiovestibular,<\/strong>&nbsp;examinaron el tejido del o\u00eddo interno humano, los modelos celulares in vitro del \u00f3rgano y el tejido del o\u00eddo del rat\u00f3n.<\/p>\n\n\n\n<p>El estudio no confirma una relaci\u00f3n causal directa, pero s\u00ed podr\u00e1 haber una conexi\u00f3n.<\/p>\n\n\n\n<p>\u2018\u2018Ninguno de nuestros pacientes tuvo evidencia d<strong>e infecci\u00f3n del o\u00eddo medio en el examen otol\u00f3gico<\/strong>\u00a0o en las im\u00e1genes radiol\u00f3gicas, mientras que\u00a0<strong>todas las personas presentaron en an\u00e1lisis\u00a0<\/strong>una infecci\u00f3n viral directa o inflamaci\u00f3n del o\u00eddo interno y el nervio cocleovestibular y esto pudo ser la causa de los malestares\u2019&#8217;, explic\u00f3 el informe.<\/p>\n\n\n\n<figure class=\"wp-block-image\"><img fetchpriority=\"high\" decoding=\"async\" width=\"1024\" height=\"538\" src=\"https::\/\/elreporterohgo.com\/noticias\/wp-content\/uploads\/2022\/02\/WhatsApp-Image-2022-02-04-at-9.56.01-PM-1024x538.jpeg\" alt=\"\" class=\"wp-image-46350\" srcset=\"https:\/\/elreporterohgo.com\/noticias\/wp-content\/uploads\/2022\/02\/WhatsApp-Image-2022-02-04-at-9.56.01-PM-1024x538.jpeg 1024w, https:\/\/elreporterohgo.com\/noticias\/wp-content\/uploads\/2022\/02\/WhatsApp-Image-2022-02-04-at-9.56.01-PM-300x158.jpeg 300w, https:\/\/elreporterohgo.com\/noticias\/wp-content\/uploads\/2022\/02\/WhatsApp-Image-2022-02-04-at-9.56.01-PM-768x403.jpeg 768w, https:\/\/elreporterohgo.com\/noticias\/wp-content\/uploads\/2022\/02\/WhatsApp-Image-2022-02-04-at-9.56.01-PM.jpeg 1280w\" sizes=\"(max-width: 1024px) 100vw, 1024px\" \/><\/figure>\n","protected":false},"excerpt":{"rendered":"<p>Es tinnitus y podr\u00eda ser una secuela del virus, los analistas consideran que el virus pudo afectar las c\u00e9lulas del o\u00eddo interno y por ello se presenta esta secuela. En la investigaci\u00f3n&nbsp;Direct SARS-CoV-2 infection of the human inner ear may underlie COVID-19-associated audiovestibular dysfunction&nbsp;se reportan casos de pacientes que pierden el o\u00eddo, presentan disfunci\u00f3n auditiva<\/p>\n","protected":false},"author":2,"featured_media":46350,"comment_status":"open","ping_status":"closed","sticky":false,"template":"","format":"standard","meta":{"footnotes":""},"categories":[10],"tags":[],"class_list":{"0":"post-46349","1":"post","2":"type-post","3":"status-publish","4":"format-standard","5":"has-post-thumbnail","7":"category-hidalgo"},"_links":{"self":[{"href":"https:\/\/elreporterohgo.com\/noticias\/wp-json\/wp\/v2\/posts\/46349","targetHints":{"allow":["GET"]}}],"collection":[{"href":"https:\/\/elreporterohgo.com\/noticias\/wp-json\/wp\/v2\/posts"}],"about":[{"href":"https:\/\/elreporterohgo.com\/noticias\/wp-json\/wp\/v2\/types\/post"}],"author":[{"embeddable":true,"href":"https:\/\/elreporterohgo.com\/noticias\/wp-json\/wp\/v2\/users\/2"}],"replies":[{"embeddable":true,"href":"https:\/\/elreporterohgo.com\/noticias\/wp-json\/wp\/v2\/comments?post=46349"}],"version-history":[{"count":1,"href":"https:\/\/elreporterohgo.com\/noticias\/wp-json\/wp\/v2\/posts\/46349\/revisions"}],"predecessor-version":[{"id":46351,"href":"https:\/\/elreporterohgo.com\/noticias\/wp-json\/wp\/v2\/posts\/46349\/revisions\/46351"}],"wp:featuredmedia":[{"embeddable":true,"href":"https:\/\/elreporterohgo.com\/noticias\/wp-json\/wp\/v2\/media\/46350"}],"wp:attachment":[{"href":"https:\/\/elreporterohgo.com\/noticias\/wp-json\/wp\/v2\/media?parent=46349"}],"wp:term":[{"taxonomy":"category","embeddable":true,"href":"https:\/\/elreporterohgo.com\/noticias\/wp-json\/wp\/v2\/categories?post=46349"},{"taxonomy":"post_tag","embeddable":true,"href":"https:\/\/elreporterohgo.com\/noticias\/wp-json\/wp\/v2\/tags?post=46349"}],"curies":[{"name":"wp","href":"https:\/\/api.w.org\/{rel}","templated":true}]}}