{"id":46330,"date":"2022-02-06T23:41:58","date_gmt":"2022-02-07T05:41:58","guid":{"rendered":"https:\/\/elreporterohgo.com\/noticias\/?p=46330"},"modified":"2022-02-06T23:41:58","modified_gmt":"2022-02-07T05:41:58","slug":"huachicoleros-originaron-un-pavoroso-incendio","status":"publish","type":"post","link":"https:\/\/elreporterohgo.com\/noticias\/2022\/02\/06\/huachicoleros-originaron-un-pavoroso-incendio\/","title":{"rendered":"Huachicoleros originaron un pavoroso incendio"},"content":{"rendered":"\n<figure class=\"wp-block-image\"><img fetchpriority=\"high\" decoding=\"async\" width=\"745\" height=\"1024\" src=\"https::\/\/elreporterohgo.com\/noticias\/wp-content\/uploads\/2022\/02\/5863f446-aa46-4f77-aef3-c0c708a506c2-745x1024.jpg\" alt=\"\" class=\"wp-image-46331\" srcset=\"https:\/\/elreporterohgo.com\/noticias\/wp-content\/uploads\/2022\/02\/5863f446-aa46-4f77-aef3-c0c708a506c2-745x1024.jpg 745w, https:\/\/elreporterohgo.com\/noticias\/wp-content\/uploads\/2022\/02\/5863f446-aa46-4f77-aef3-c0c708a506c2-218x300.jpg 218w, https:\/\/elreporterohgo.com\/noticias\/wp-content\/uploads\/2022\/02\/5863f446-aa46-4f77-aef3-c0c708a506c2.jpg 762w\" sizes=\"(max-width: 745px) 100vw, 745px\" \/><\/figure>\n\n\n\n<p>Ya son dos taxis quemados en Apan<\/p>\n\n\n\n<p>Por Gerardo Sol<\/p>\n\n\n\n<p>Pachuca, Hgo.- El incendio de un veh\u00edculo cargado de\nhuachicol, la madrugada de hoy, origino pavoroso incendio en la colonia\nSantiago Tlapacoya, inclusive las llamas se extendieron al pastizal.<\/p>\n\n\n\n<p>En los primeros minutos de este domingo, se report\u00f3 un\nincendio de pastizales en la referida colonia, los bomberos salieron sin demora\nal lugar del siniestro.<\/p>\n\n\n\n<p>Al llegar al lugar del fuerte incendio, los bomberos se\ndieron cuenta que se estaba quemando una camioneta tipo pick up, cargaba tres\ncontenedores de mi litros cada uno, as\u00ed que con productos qu\u00edmicos sofocaron\nlas llamas.<\/p>\n\n\n\n<p>Personal de PEMEX acudi\u00f3 para encargarse de sellar una toma\nclandestina que detectaron al apagar las llamas y esta se localizaba a un\ncostado del veh\u00edculo incendiado.<\/p>\n\n\n\n<p>Al lugar tambi\u00e9n se presentaron elementos de la Secretaria de\nla Defensa Nacional que se encargaron de acordonar el lugar.<\/p>\n\n\n\n<p>OTRO TAXI QUEMADO<\/p>\n\n\n\n<p>APAN, Hgo.- El d\u00eda de ayer, se report\u00f3 que un sujeto robo un\ntaxi marca Nissan platina, placa de A653 FUF, hechos ocurrido en la insegura\ncolonia Infonavit.<\/p>\n\n\n\n<p>Aproximadamente a las 21:40 horas de ayer, dicho veh\u00edculo fue\nlocalizado en llamas en la carretera Apan-L\u00e1zaro C\u00e1rdenas, en la entrada a la\ncomunidad.<\/p>\n\n\n\n<p>Protecci\u00f3n Civil de Almoloya y Apan acudieron a sofocar el\nincendio, el operador result\u00f3 ileso.<\/p>\n\n\n\n<p>Cabe hacer menci\u00f3n que, hace aproximadamente a\u00f1o y medio tambi\u00e9n\nfue robado un autom\u00f3vil compacto del sitio Estrella de Apan y en pleno d\u00eda fue\nencontrado en llamas a media cinta asf\u00e1ltica de la carretera Apan-Tepeapulco a\nla altura de la colonia Lomas del Pedregal.<\/p>\n","protected":false},"excerpt":{"rendered":"<p>Ya son dos taxis quemados en Apan Por Gerardo Sol Pachuca, Hgo.- El incendio de un veh\u00edculo cargado de huachicol, la madrugada de hoy, origino pavoroso incendio en la colonia Santiago Tlapacoya, inclusive las llamas se extendieron al pastizal. En los primeros minutos de este domingo, se report\u00f3 un incendio de pastizales en la referida<\/p>\n","protected":false},"author":2,"featured_media":46331,"comment_status":"open","ping_status":"closed","sticky":false,"template":"","format":"standard","meta":{"footnotes":""},"categories":[10],"tags":[],"class_list":{"0":"post-46330","1":"post","2":"type-post","3":"status-publish","4":"format-standard","5":"has-post-thumbnail","7":"category-hidalgo"},"_links":{"self":[{"href":"https:\/\/elreporterohgo.com\/noticias\/wp-json\/wp\/v2\/posts\/46330","targetHints":{"allow":["GET"]}}],"collection":[{"href":"https:\/\/elreporterohgo.com\/noticias\/wp-json\/wp\/v2\/posts"}],"about":[{"href":"https:\/\/elreporterohgo.com\/noticias\/wp-json\/wp\/v2\/types\/post"}],"author":[{"embeddable":true,"href":"https:\/\/elreporterohgo.com\/noticias\/wp-json\/wp\/v2\/users\/2"}],"replies":[{"embeddable":true,"href":"https:\/\/elreporterohgo.com\/noticias\/wp-json\/wp\/v2\/comments?post=46330"}],"version-history":[{"count":1,"href":"https:\/\/elreporterohgo.com\/noticias\/wp-json\/wp\/v2\/posts\/46330\/revisions"}],"predecessor-version":[{"id":46332,"href":"https:\/\/elreporterohgo.com\/noticias\/wp-json\/wp\/v2\/posts\/46330\/revisions\/46332"}],"wp:featuredmedia":[{"embeddable":true,"href":"https:\/\/elreporterohgo.com\/noticias\/wp-json\/wp\/v2\/media\/46331"}],"wp:attachment":[{"href":"https:\/\/elreporterohgo.com\/noticias\/wp-json\/wp\/v2\/media?parent=46330"}],"wp:term":[{"taxonomy":"category","embeddable":true,"href":"https:\/\/elreporterohgo.com\/noticias\/wp-json\/wp\/v2\/categories?post=46330"},{"taxonomy":"post_tag","embeddable":true,"href":"https:\/\/elreporterohgo.com\/noticias\/wp-json\/wp\/v2\/tags?post=46330"}],"curies":[{"name":"wp","href":"https:\/\/api.w.org\/{rel}","templated":true}]}}