{"id":46323,"date":"2022-02-06T21:52:15","date_gmt":"2022-02-07T03:52:15","guid":{"rendered":"https:\/\/elreporterohgo.com\/noticias\/?p=46323"},"modified":"2022-02-06T21:52:17","modified_gmt":"2022-02-07T03:52:17","slug":"refuerzo-de-vacuna-covid-gobierno-abre-registro-para-personas-de-30-anos-o-mas","status":"publish","type":"post","link":"https:\/\/elreporterohgo.com\/noticias\/2022\/02\/06\/refuerzo-de-vacuna-covid-gobierno-abre-registro-para-personas-de-30-anos-o-mas\/","title":{"rendered":"Refuerzo de vacuna COVID: Gobierno abre registro para personas de 30 a\u00f1os o m\u00e1s"},"content":{"rendered":"\n<p>El Gobierno de M\u00e9xico actualiz\u00f3 este viernes su portal de vacunaci\u00f3n COVID para que personas mayores de 30 a\u00f1os puedan hacer el registro para solicitar su refuerzo de vacuna.<\/p>\n\n\n\n<p>En la plataforma&nbsp;<a href=\"https::\/\/mivacuna.salud.gob.mx\/\">mivacuna.salud.gob.mx<\/a>, las personas interesadas podr\u00e1n encontrar la secci\u00f3n \u201cTengo 30 a\u00f1os o m\u00e1s y&nbsp;<strong>solicito el refuerzo de vacunaci\u00f3n<\/strong>\u201d.<\/p>\n\n\n\n<h2 class=\"wp-block-heading\">\u00bfC\u00f3mo me registro para recibir la vacuna de refuerzo COVID?<\/h2>\n\n\n\n<p>Solo necesitar\u00e1s la Clave \u00danica de Registro de Poblaci\u00f3n (CURP) para poder ingresar al registro.<a href=\"https:s:\/\/www.elfinanciero.com.mx\/mis-finanzas\/2022\/02\/04\/pension-imss-e-issste-no-recibiste-tu-pago-o-no-te-llego-el-aumento-en-febrero-esto-debes-hacer\/\"><\/a><\/p>\n\n\n\n<p>La plataforma te pedir\u00e1 datos personales, es decir, tu nombre, y despu\u00e9s podr\u00e1s descargar el expediente de vacunaci\u00f3n, que deber\u00e1s llevar impreso cuando te toque recibir la nueva dosis.<\/p>\n\n\n\n<p>El Gobierno federal inici\u00f3 la aplicaci\u00f3n de refuerzo de vacuna COVID&nbsp;<strong>en diciembre pasado<\/strong>, con el grupo de personas adultas mayores (60 a\u00f1os y m\u00e1s). Despu\u00e9s, abri\u00f3 el programa de refuerzo para incluir a personal sanitario y educativo.<\/p>\n\n\n\n<p>En la Ciudad de M\u00e9xico, la aplicaci\u00f3n del refuerzo de vacuna para los \u2018millennials\u2019 iniciar\u00e1 en el D\u00eda del Amor y de la Amistad, el pr\u00f3ximo 14 de febrero. <\/p>\n\n\n\n<p><a href=\"https:s:\/\/www.elfinanciero.com.mx\/mundo\/2022\/02\/06\/la-invasion-de-rusia-a-ucrania-puede-ocurrir-en-cualquier-momento-advierte-eu\/\"><\/a><\/p>\n\n\n\n<figure class=\"wp-block-image\"><img fetchpriority=\"high\" decoding=\"async\" width=\"971\" height=\"846\" src=\"https::\/\/elreporterohgo.com\/noticias\/wp-content\/uploads\/2022\/02\/registro-30.png\" alt=\"\" class=\"wp-image-46328\" srcset=\"https:\/\/elreporterohgo.com\/noticias\/wp-content\/uploads\/2022\/02\/registro-30.png 971w, https:\/\/elreporterohgo.com\/noticias\/wp-content\/uploads\/2022\/02\/registro-30-300x261.png 300w, https:\/\/elreporterohgo.com\/noticias\/wp-content\/uploads\/2022\/02\/registro-30-768x669.png 768w\" sizes=\"(max-width: 971px) 100vw, 971px\" \/><\/figure>\n","protected":false},"excerpt":{"rendered":"<p>El Gobierno de M\u00e9xico actualiz\u00f3 este viernes su portal de vacunaci\u00f3n COVID para que personas mayores de 30 a\u00f1os puedan hacer el registro para solicitar su refuerzo de vacuna. En la plataforma&nbsp;mivacuna.salud.gob.mx, las personas interesadas podr\u00e1n encontrar la secci\u00f3n \u201cTengo 30 a\u00f1os o m\u00e1s y&nbsp;solicito el refuerzo de vacunaci\u00f3n\u201d. \u00bfC\u00f3mo me registro para recibir la<\/p>\n","protected":false},"author":2,"featured_media":46328,"comment_status":"open","ping_status":"closed","sticky":false,"template":"","format":"standard","meta":{"footnotes":""},"categories":[10],"tags":[],"class_list":{"0":"post-46323","1":"post","2":"type-post","3":"status-publish","4":"format-standard","5":"has-post-thumbnail","7":"category-hidalgo"},"_links":{"self":[{"href":"https:\/\/elreporterohgo.com\/noticias\/wp-json\/wp\/v2\/posts\/46323","targetHints":{"allow":["GET"]}}],"collection":[{"href":"https:\/\/elreporterohgo.com\/noticias\/wp-json\/wp\/v2\/posts"}],"about":[{"href":"https:\/\/elreporterohgo.com\/noticias\/wp-json\/wp\/v2\/types\/post"}],"author":[{"embeddable":true,"href":"https:\/\/elreporterohgo.com\/noticias\/wp-json\/wp\/v2\/users\/2"}],"replies":[{"embeddable":true,"href":"https:\/\/elreporterohgo.com\/noticias\/wp-json\/wp\/v2\/comments?post=46323"}],"version-history":[{"count":1,"href":"https:\/\/elreporterohgo.com\/noticias\/wp-json\/wp\/v2\/posts\/46323\/revisions"}],"predecessor-version":[{"id":46329,"href":"https:\/\/elreporterohgo.com\/noticias\/wp-json\/wp\/v2\/posts\/46323\/revisions\/46329"}],"wp:featuredmedia":[{"embeddable":true,"href":"https:\/\/elreporterohgo.com\/noticias\/wp-json\/wp\/v2\/media\/46328"}],"wp:attachment":[{"href":"https:\/\/elreporterohgo.com\/noticias\/wp-json\/wp\/v2\/media?parent=46323"}],"wp:term":[{"taxonomy":"category","embeddable":true,"href":"https:\/\/elreporterohgo.com\/noticias\/wp-json\/wp\/v2\/categories?post=46323"},{"taxonomy":"post_tag","embeddable":true,"href":"https:\/\/elreporterohgo.com\/noticias\/wp-json\/wp\/v2\/tags?post=46323"}],"curies":[{"name":"wp","href":"https:\/\/api.w.org\/{rel}","templated":true}]}}