{"id":46293,"date":"2022-02-05T08:43:10","date_gmt":"2022-02-05T14:43:10","guid":{"rendered":"https:\/\/elreporterohgo.com\/noticias\/?p=46293"},"modified":"2022-02-05T08:43:11","modified_gmt":"2022-02-05T14:43:11","slug":"volco-autobus-de-futura-con-saldo-de-25-heridos","status":"publish","type":"post","link":"https:\/\/elreporterohgo.com\/noticias\/2022\/02\/05\/volco-autobus-de-futura-con-saldo-de-25-heridos\/","title":{"rendered":"Volc\u00f3 autob\u00fas de Futura con saldo de 25 heridos"},"content":{"rendered":"\n<figure class=\"wp-block-image\"><img fetchpriority=\"high\" decoding=\"async\" width=\"1024\" height=\"462\" src=\"https::\/\/elreporterohgo.com\/noticias\/wp-content\/uploads\/2022\/02\/c817061d-0ce0-4a6b-8171-7008a67ead46-copia-1024x462.jpg\" alt=\"\" class=\"wp-image-46294\" srcset=\"https:\/\/elreporterohgo.com\/noticias\/wp-content\/uploads\/2022\/02\/c817061d-0ce0-4a6b-8171-7008a67ead46-copia-1024x462.jpg 1024w, https:\/\/elreporterohgo.com\/noticias\/wp-content\/uploads\/2022\/02\/c817061d-0ce0-4a6b-8171-7008a67ead46-copia-300x135.jpg 300w, https:\/\/elreporterohgo.com\/noticias\/wp-content\/uploads\/2022\/02\/c817061d-0ce0-4a6b-8171-7008a67ead46-copia-768x346.jpg 768w, https:\/\/elreporterohgo.com\/noticias\/wp-content\/uploads\/2022\/02\/c817061d-0ce0-4a6b-8171-7008a67ead46-copia.jpg 1156w\" sizes=\"(max-width: 1024px) 100vw, 1024px\" \/><\/figure>\n\n\n\n<figure class=\"wp-block-image\"><img decoding=\"async\" width=\"1024\" height=\"769\" src=\"https::\/\/elreporterohgo.com\/noticias\/wp-content\/uploads\/2022\/02\/88f75691-f820-4397-a36c-9d596dfd9b6f-copia-1024x769.jpg\" alt=\"\" class=\"wp-image-46295\" srcset=\"https:\/\/elreporterohgo.com\/noticias\/wp-content\/uploads\/2022\/02\/88f75691-f820-4397-a36c-9d596dfd9b6f-copia-1024x769.jpg 1024w, https:\/\/elreporterohgo.com\/noticias\/wp-content\/uploads\/2022\/02\/88f75691-f820-4397-a36c-9d596dfd9b6f-copia-300x225.jpg 300w, https:\/\/elreporterohgo.com\/noticias\/wp-content\/uploads\/2022\/02\/88f75691-f820-4397-a36c-9d596dfd9b6f-copia-768x577.jpg 768w, https:\/\/elreporterohgo.com\/noticias\/wp-content\/uploads\/2022\/02\/88f75691-f820-4397-a36c-9d596dfd9b6f-copia.jpg 1156w\" sizes=\"(max-width: 1024px) 100vw, 1024px\" \/><\/figure>\n\n\n\n<p>Esta ma\u00f1ana\nen la carretera M\u00e9xico Tampico<\/p>\n\n\n\n<p>Por Juan\nSabino Cruz<\/p>\n\n\n\n<p>Metztitl\u00e1n,\nHgo.- Veinticinco personas heridas y elevados da\u00f1os materiales dej\u00f3 como saldo\nla volcadura de un autob\u00fas de pasajeros de la empresa Futura, esta madrugada,\nen la carretera M\u00e9xico-Tampico, a la altura de Metztitl\u00e1n.<\/p>\n\n\n\n<p>Personal de\nla Polic\u00eda Estatal adscrito a la delegaci\u00f3n de Metztitl\u00e1n, estableci\u00f3 que\naproximadamente a las 03:30 horas, reportaron un hecho de tr\u00e1nsito en la\ncarretera federal M\u00e9xico Tampico, muz cerca del puente \u201cVenados\u201d<\/p>\n\n\n\n<p>En el lugar\nconocido como \u201cPilas y Granadas\u201d, los Polic\u00edas Estatales &nbsp;localizaron un autob\u00fas marca Marcopolo,\npropiedad de la empresa Futura, matr\u00edcula 702-JV-8, n\u00famero econ\u00f3mico 8102, mismo\nque sali\u00f3 de la ciudad de M\u00e9xico con direcci\u00f3n a Huejutla.<\/p>\n\n\n\n<p>El lugar\nr\u00e1pidamente se vio inundado por param\u00e9dicos de Cruz Roja y Protecci\u00f3n Civil de Atotonilco\nel Grande, San Agust\u00edn Metzquititl\u00e1n y Metztitl\u00e1n quienes se apresuraron a\nauxiliar a los pasajeros lesionados.<\/p>\n\n\n\n<p>Quince\nheridos fueron trasladados al Hospital General de Pachuca y otros diez al\ncentro de Salud de Atotonilco el Grande para que recibieran atenci\u00f3n m\u00e9dica.<\/p>\n\n\n\n<p>Se\ndesconocen las causas del accidente. Polic\u00eda Municipal de San Agust\u00edn Metzquititl\u00e1n\nquedo como primer respondiente.<\/p>\n","protected":false},"excerpt":{"rendered":"<p>Esta ma\u00f1ana en la carretera M\u00e9xico Tampico Por Juan Sabino Cruz Metztitl\u00e1n, Hgo.- Veinticinco personas heridas y elevados da\u00f1os materiales dej\u00f3 como saldo la volcadura de un autob\u00fas de pasajeros de la empresa Futura, esta madrugada, en la carretera M\u00e9xico-Tampico, a la altura de Metztitl\u00e1n. Personal de la Polic\u00eda Estatal adscrito a la delegaci\u00f3n de<\/p>\n","protected":false},"author":2,"featured_media":46294,"comment_status":"open","ping_status":"closed","sticky":false,"template":"","format":"standard","meta":{"footnotes":""},"categories":[10],"tags":[],"class_list":{"0":"post-46293","1":"post","2":"type-post","3":"status-publish","4":"format-standard","5":"has-post-thumbnail","7":"category-hidalgo"},"_links":{"self":[{"href":"https:\/\/elreporterohgo.com\/noticias\/wp-json\/wp\/v2\/posts\/46293","targetHints":{"allow":["GET"]}}],"collection":[{"href":"https:\/\/elreporterohgo.com\/noticias\/wp-json\/wp\/v2\/posts"}],"about":[{"href":"https:\/\/elreporterohgo.com\/noticias\/wp-json\/wp\/v2\/types\/post"}],"author":[{"embeddable":true,"href":"https:\/\/elreporterohgo.com\/noticias\/wp-json\/wp\/v2\/users\/2"}],"replies":[{"embeddable":true,"href":"https:\/\/elreporterohgo.com\/noticias\/wp-json\/wp\/v2\/comments?post=46293"}],"version-history":[{"count":1,"href":"https:\/\/elreporterohgo.com\/noticias\/wp-json\/wp\/v2\/posts\/46293\/revisions"}],"predecessor-version":[{"id":46296,"href":"https:\/\/elreporterohgo.com\/noticias\/wp-json\/wp\/v2\/posts\/46293\/revisions\/46296"}],"wp:featuredmedia":[{"embeddable":true,"href":"https:\/\/elreporterohgo.com\/noticias\/wp-json\/wp\/v2\/media\/46294"}],"wp:attachment":[{"href":"https:\/\/elreporterohgo.com\/noticias\/wp-json\/wp\/v2\/media?parent=46293"}],"wp:term":[{"taxonomy":"category","embeddable":true,"href":"https:\/\/elreporterohgo.com\/noticias\/wp-json\/wp\/v2\/categories?post=46293"},{"taxonomy":"post_tag","embeddable":true,"href":"https:\/\/elreporterohgo.com\/noticias\/wp-json\/wp\/v2\/tags?post=46293"}],"curies":[{"name":"wp","href":"https:\/\/api.w.org\/{rel}","templated":true}]}}