{"id":46287,"date":"2022-02-05T01:33:22","date_gmt":"2022-02-05T07:33:22","guid":{"rendered":"https:\/\/elreporterohgo.com\/noticias\/?p=46287"},"modified":"2022-02-05T02:04:58","modified_gmt":"2022-02-05T08:04:58","slug":"muere-policia-federalo-en-tragico-accidente","status":"publish","type":"post","link":"https:\/\/elreporterohgo.com\/noticias\/2022\/02\/05\/muere-policia-federalo-en-tragico-accidente\/","title":{"rendered":"Muere Polic\u00eda Federalo en tr\u00e1gico accidente"},"content":{"rendered":"\n<figure class=\"wp-block-image\"><img fetchpriority=\"high\" decoding=\"async\" width=\"720\" height=\"675\" src=\"https::\/\/elreporterohgo.com\/noticias\/wp-content\/uploads\/2022\/02\/d4b88f15-d062-41eb-88a2-d325503c40c9.jpg\" alt=\"\" class=\"wp-image-46288\" srcset=\"https:\/\/elreporterohgo.com\/noticias\/wp-content\/uploads\/2022\/02\/d4b88f15-d062-41eb-88a2-d325503c40c9.jpg 720w, https:\/\/elreporterohgo.com\/noticias\/wp-content\/uploads\/2022\/02\/d4b88f15-d062-41eb-88a2-d325503c40c9-300x281.jpg 300w\" sizes=\"(max-width: 720px) 100vw, 720px\" \/><\/figure>\n\n\n\n<p>Un elemento de la Guardia Nacional Divisi\u00f3n Caminos, perdi\u00f3 la vida de manera tr\u00e1gica en un grave accidente provocado por un choque con volcadura que provoc\u00f3 cuantiosas p\u00e9rdidas.<br>\nDicha colisi\u00f3n fu\u00e9 en el kil\u00f3metro 3 de la s\u00faper carretera Cuacnopalan-Oaxaca, donde participaron un tr\u00e1iler, una camioneta y una patrulla de la Guardia Nacional Divisi\u00f3n Caminos, destacando que todo se origin\u00f3 ante la perdida del control del ch\u00f3fer del tracto cami\u00f3n quien se impact\u00f3 contra la unidad de la polic\u00eda de caminos, y esta choc\u00f3 contra una camioneta provocando que ambas salieran de la cinta asf\u00e1ltica.<br>\nEl elemento de la Guardia Nacional que falleci\u00f3 en este tr\u00e1gico accidente, se encontraba infraccionando al conductor de la camioneta, cuando se registr\u00f3 el lamentable hecho.<\/p>\n","protected":false},"excerpt":{"rendered":"<p>Un elemento de la Guardia Nacional Divisi\u00f3n Caminos, perdi\u00f3 la vida de manera tr\u00e1gica en un grave accidente provocado por un choque con volcadura que provoc\u00f3 cuantiosas p\u00e9rdidas. Dicha colisi\u00f3n fu\u00e9 en el kil\u00f3metro 3 de la s\u00faper carretera Cuacnopalan-Oaxaca, donde participaron un tr\u00e1iler, una camioneta y una patrulla de la Guardia Nacional Divisi\u00f3n Caminos,<\/p>\n","protected":false},"author":2,"featured_media":46288,"comment_status":"open","ping_status":"closed","sticky":false,"template":"","format":"standard","meta":{"footnotes":""},"categories":[10],"tags":[],"class_list":{"0":"post-46287","1":"post","2":"type-post","3":"status-publish","4":"format-standard","5":"has-post-thumbnail","7":"category-hidalgo"},"_links":{"self":[{"href":"https:\/\/elreporterohgo.com\/noticias\/wp-json\/wp\/v2\/posts\/46287","targetHints":{"allow":["GET"]}}],"collection":[{"href":"https:\/\/elreporterohgo.com\/noticias\/wp-json\/wp\/v2\/posts"}],"about":[{"href":"https:\/\/elreporterohgo.com\/noticias\/wp-json\/wp\/v2\/types\/post"}],"author":[{"embeddable":true,"href":"https:\/\/elreporterohgo.com\/noticias\/wp-json\/wp\/v2\/users\/2"}],"replies":[{"embeddable":true,"href":"https:\/\/elreporterohgo.com\/noticias\/wp-json\/wp\/v2\/comments?post=46287"}],"version-history":[{"count":1,"href":"https:\/\/elreporterohgo.com\/noticias\/wp-json\/wp\/v2\/posts\/46287\/revisions"}],"predecessor-version":[{"id":46289,"href":"https:\/\/elreporterohgo.com\/noticias\/wp-json\/wp\/v2\/posts\/46287\/revisions\/46289"}],"wp:featuredmedia":[{"embeddable":true,"href":"https:\/\/elreporterohgo.com\/noticias\/wp-json\/wp\/v2\/media\/46288"}],"wp:attachment":[{"href":"https:\/\/elreporterohgo.com\/noticias\/wp-json\/wp\/v2\/media?parent=46287"}],"wp:term":[{"taxonomy":"category","embeddable":true,"href":"https:\/\/elreporterohgo.com\/noticias\/wp-json\/wp\/v2\/categories?post=46287"},{"taxonomy":"post_tag","embeddable":true,"href":"https:\/\/elreporterohgo.com\/noticias\/wp-json\/wp\/v2\/tags?post=46287"}],"curies":[{"name":"wp","href":"https:\/\/api.w.org\/{rel}","templated":true}]}}