{"id":46263,"date":"2022-02-04T18:23:22","date_gmt":"2022-02-05T00:23:22","guid":{"rendered":"https:\/\/elreporterohgo.com\/noticias\/?p=46263"},"modified":"2022-02-04T18:23:23","modified_gmt":"2022-02-05T00:23:23","slug":"morena-presento-su-agenda-legislativa-para-la-transformacion-de-hidalgo","status":"publish","type":"post","link":"https:\/\/elreporterohgo.com\/noticias\/2022\/02\/04\/morena-presento-su-agenda-legislativa-para-la-transformacion-de-hidalgo\/","title":{"rendered":"Morena present\u00f3 su Agenda Legislativa para la Transformaci\u00f3n de Hidalgo"},"content":{"rendered":"\n<figure class=\"wp-block-image\"><img fetchpriority=\"high\" decoding=\"async\" width=\"1024\" height=\"683\" src=\"https::\/\/elreporterohgo.com\/noticias\/wp-content\/uploads\/2022\/02\/WhatsApp-Image-2022-02-04-at-5.38.42-PM-1-1024x683.jpeg\" alt=\"\" class=\"wp-image-46264\" srcset=\"https:\/\/elreporterohgo.com\/noticias\/wp-content\/uploads\/2022\/02\/WhatsApp-Image-2022-02-04-at-5.38.42-PM-1-1024x683.jpeg 1024w, https:\/\/elreporterohgo.com\/noticias\/wp-content\/uploads\/2022\/02\/WhatsApp-Image-2022-02-04-at-5.38.42-PM-1-300x200.jpeg 300w, https:\/\/elreporterohgo.com\/noticias\/wp-content\/uploads\/2022\/02\/WhatsApp-Image-2022-02-04-at-5.38.42-PM-1-768x512.jpeg 768w, https:\/\/elreporterohgo.com\/noticias\/wp-content\/uploads\/2022\/02\/WhatsApp-Image-2022-02-04-at-5.38.42-PM-1.jpeg 1368w\" sizes=\"(max-width: 1024px) 100vw, 1024px\" \/><\/figure>\n\n\n\n<p>PACHUCA, Hgo.- La tarde de este viernes, el grupo legislativo de MORENA en el estado de Hidalgo present\u00f3 su Agenda Legislativa para la Transformaci\u00f3n de Hidalgo, para el Segundo Periodo Ordinario del Primer A\u00f1o de Sesiones de la LXV Legislatura.<\/p>\n\n\n\n<p>En ese tenor, Jorge Hern\u00e1ndez Araus, coordinador de la bancada guinda, detall\u00f3 que dicha agenda se divide en tres ejes, cada uno con propuestas que abarcan la gobernabilidad, el bienestar social y econom\u00eda, desde el fortalecimiento, desarrollo y apoyo, siguiendo el proyecto de naci\u00f3n que encabeza Andr\u00e9s Manuel L\u00f3pez Obrador; sin desigualdad y con transparencia.<\/p>\n\n\n\n<p>\u00abComo representantes sabemos que nos toca corresponder la confianza que los hidalguenses depositaron en nosotros y estamos comprometidos a seguir siendo la voz de cada sector y cada ciudadano.<\/p>\n\n\n\n<p>No hay promesas, hay compromisos. El compromiso de seguir luchando por Hidalgo, el compromiso de defender la esperanza y el compromiso de juntos consolidar la transformaci\u00f3n\u00bb, puntualiz\u00f3 Araus.<\/p>\n\n\n\n<p>Tambi\u00e9n en la din\u00e1mica particip\u00f3 la diputada Adelfa Z\u00fa\u00f1iga, quien subray\u00f3 el trabajo en unidad por el proyecto de naci\u00f3n y enfatiz\u00f3 la importancia del desarrollo econ\u00f3mico del estado con una legislaci\u00f3n que regule la transparencia.<\/p>\n\n\n\n<p>En otra participaci\u00f3n, la diputada Lisset Marcelino destac\u00f3 que las vertientes de la agenda son salud, derechos humanos, obra p\u00fablica y desarrollo econ\u00f3mico, bases para el desarrollo.<\/p>\n\n\n\n<p>Aunada a ello, la diputada Vanessa Escalante coment\u00f3 que el proyecto se apega al plan nacional de desarrollo del presidente de la rep\u00fablica y busca la implementaci\u00f3n de la pol\u00edtica participativa para transformaci\u00f3n del sistema de salud en el estado desde el primer nivel de atenci\u00f3n y el diputado Fortunato Gonzales, quien remarc\u00f3 que las leyes deben ser m\u00e1s justas, c\u00f3modas y cercanas a los ciudadanos.<\/p>\n\n\n\n<p>Finalmente, la presidenta del Comit\u00e9 Ejecutivo estatal de MORENA en Hidalgo, Sandra Ordo\u00f1ez resalt\u00f3 que el partido que ella representa est\u00e1 comprometidos con la rectitud y que las y los diputados tiene el respaldo y apoyo de la dirigencia.<\/p>\n\n\n\n<p>Tambi\u00e9n, la presidenta de la Asociaci\u00f3n Nacional de Legisladores de la 4T, Guillermina Alvarado Moreno y el senador C\u00e9sar Cravioto recalcaron su apoyo y felicitaron por esta presentaci\u00f3n a la bancada.<\/p>\n\n\n\n<figure class=\"wp-block-image\"><img decoding=\"async\" width=\"1024\" height=\"690\" src=\"https::\/\/elreporterohgo.com\/noticias\/wp-content\/uploads\/2022\/02\/WhatsApp-Image-2022-02-04-at-5.38.41-PM-1024x690.jpeg\" alt=\"\" class=\"wp-image-46265\" srcset=\"https:\/\/elreporterohgo.com\/noticias\/wp-content\/uploads\/2022\/02\/WhatsApp-Image-2022-02-04-at-5.38.41-PM-1024x690.jpeg 1024w, https:\/\/elreporterohgo.com\/noticias\/wp-content\/uploads\/2022\/02\/WhatsApp-Image-2022-02-04-at-5.38.41-PM-300x202.jpeg 300w, https:\/\/elreporterohgo.com\/noticias\/wp-content\/uploads\/2022\/02\/WhatsApp-Image-2022-02-04-at-5.38.41-PM-768x517.jpeg 768w, https:\/\/elreporterohgo.com\/noticias\/wp-content\/uploads\/2022\/02\/WhatsApp-Image-2022-02-04-at-5.38.41-PM.jpeg 1600w\" sizes=\"(max-width: 1024px) 100vw, 1024px\" \/><\/figure>\n","protected":false},"excerpt":{"rendered":"<p>PACHUCA, Hgo.- La tarde de este viernes, el grupo legislativo de MORENA en el estado de Hidalgo present\u00f3 su Agenda Legislativa para la Transformaci\u00f3n de Hidalgo, para el Segundo Periodo Ordinario del Primer A\u00f1o de Sesiones de la LXV Legislatura. En ese tenor, Jorge Hern\u00e1ndez Araus, coordinador de la bancada guinda, detall\u00f3 que dicha agenda<\/p>\n","protected":false},"author":2,"featured_media":46264,"comment_status":"open","ping_status":"closed","sticky":false,"template":"","format":"standard","meta":{"footnotes":""},"categories":[10],"tags":[],"class_list":{"0":"post-46263","1":"post","2":"type-post","3":"status-publish","4":"format-standard","5":"has-post-thumbnail","7":"category-hidalgo"},"_links":{"self":[{"href":"https:\/\/elreporterohgo.com\/noticias\/wp-json\/wp\/v2\/posts\/46263","targetHints":{"allow":["GET"]}}],"collection":[{"href":"https:\/\/elreporterohgo.com\/noticias\/wp-json\/wp\/v2\/posts"}],"about":[{"href":"https:\/\/elreporterohgo.com\/noticias\/wp-json\/wp\/v2\/types\/post"}],"author":[{"embeddable":true,"href":"https:\/\/elreporterohgo.com\/noticias\/wp-json\/wp\/v2\/users\/2"}],"replies":[{"embeddable":true,"href":"https:\/\/elreporterohgo.com\/noticias\/wp-json\/wp\/v2\/comments?post=46263"}],"version-history":[{"count":1,"href":"https:\/\/elreporterohgo.com\/noticias\/wp-json\/wp\/v2\/posts\/46263\/revisions"}],"predecessor-version":[{"id":46266,"href":"https:\/\/elreporterohgo.com\/noticias\/wp-json\/wp\/v2\/posts\/46263\/revisions\/46266"}],"wp:featuredmedia":[{"embeddable":true,"href":"https:\/\/elreporterohgo.com\/noticias\/wp-json\/wp\/v2\/media\/46264"}],"wp:attachment":[{"href":"https:\/\/elreporterohgo.com\/noticias\/wp-json\/wp\/v2\/media?parent=46263"}],"wp:term":[{"taxonomy":"category","embeddable":true,"href":"https:\/\/elreporterohgo.com\/noticias\/wp-json\/wp\/v2\/categories?post=46263"},{"taxonomy":"post_tag","embeddable":true,"href":"https:\/\/elreporterohgo.com\/noticias\/wp-json\/wp\/v2\/tags?post=46263"}],"curies":[{"name":"wp","href":"https:\/\/api.w.org\/{rel}","templated":true}]}}