{"id":46234,"date":"2022-02-04T11:42:57","date_gmt":"2022-02-04T17:42:57","guid":{"rendered":"https:\/\/elreporterohgo.com\/noticias\/?p=46234"},"modified":"2022-02-04T11:44:27","modified_gmt":"2022-02-04T17:44:27","slug":"ponen-tras-las-rejas-a-presunto-ladron-de-vehiculos","status":"publish","type":"post","link":"https:\/\/elreporterohgo.com\/noticias\/2022\/02\/04\/ponen-tras-las-rejas-a-presunto-ladron-de-vehiculos\/","title":{"rendered":"Ponen tras las rejas a presunto ladr\u00f3n de veh\u00edculos"},"content":{"rendered":"\n<figure class=\"wp-block-image\"><img fetchpriority=\"high\" decoding=\"async\" width=\"1024\" height=\"640\" src=\"https::\/\/elreporterohgo.com\/noticias\/wp-content\/uploads\/2022\/02\/00aut-2-1024x640.jpg\" alt=\"\" class=\"wp-image-46235\" srcset=\"https:\/\/elreporterohgo.com\/noticias\/wp-content\/uploads\/2022\/02\/00aut-2-1024x640.jpg 1024w, https:\/\/elreporterohgo.com\/noticias\/wp-content\/uploads\/2022\/02\/00aut-2-300x188.jpg 300w, https:\/\/elreporterohgo.com\/noticias\/wp-content\/uploads\/2022\/02\/00aut-2-768x480.jpg 768w, https:\/\/elreporterohgo.com\/noticias\/wp-content\/uploads\/2022\/02\/00aut-2.jpg 1560w\" sizes=\"(max-width: 1024px) 100vw, 1024px\" \/><\/figure>\n\n\n\n<p><\/p>\n\n\n\n<p>Jacala, Hgo.- Una persona fue detenida por agentes de la Secretar\u00eda de Seguridad P\u00fablica de Hidalgo en el municipio de Jacala por su presunta relaci\u00f3n con el delito de robo de veh\u00edculo.<\/p>\n\n\n\n<p>Fue en la carretera federal M\u00e9xico-Laredo, a la altura de la comunidad de Agua Fr\u00eda, donde polic\u00edas estatales dieron seguimiento a una camioneta Nissan pick up, color negro, con placas de Hidalgo, reportada como robada en esa misma poblaci\u00f3n.<\/p>\n\n\n\n<p>El conductor del auto, que se identific\u00f3 como E.E.H.D., de 24 a\u00f1os, fue detenido y puesto a disposici\u00f3n del Ministerio P\u00fablico del fuero com\u00fan para las indagatorias en consecuencia. Qued\u00f3 relacionado con la carpeta de investigaci\u00f3n que el propietario de la unidad inici\u00f3.<\/p>\n\n\n\n<p>La Secretar\u00eda de Seguridad P\u00fablica de Hidalgo reitera el llamado a la ciudadan\u00eda para contribuir con estas acciones, realizando reportes mediante el 911 de Emergencias y\/o al 089 para Denuncia An\u00f3nima.<\/p>\n","protected":false},"excerpt":{"rendered":"<p>Jacala, Hgo.- Una persona fue detenida por agentes de la Secretar\u00eda de Seguridad P\u00fablica de Hidalgo en el municipio de Jacala por su presunta relaci\u00f3n con el delito de robo de veh\u00edculo. Fue en la carretera federal M\u00e9xico-Laredo, a la altura de la comunidad de Agua Fr\u00eda, donde polic\u00edas estatales dieron seguimiento a una camioneta<\/p>\n","protected":false},"author":2,"featured_media":46235,"comment_status":"open","ping_status":"closed","sticky":false,"template":"","format":"standard","meta":{"footnotes":""},"categories":[10],"tags":[],"class_list":{"0":"post-46234","1":"post","2":"type-post","3":"status-publish","4":"format-standard","5":"has-post-thumbnail","7":"category-hidalgo"},"_links":{"self":[{"href":"https:\/\/elreporterohgo.com\/noticias\/wp-json\/wp\/v2\/posts\/46234","targetHints":{"allow":["GET"]}}],"collection":[{"href":"https:\/\/elreporterohgo.com\/noticias\/wp-json\/wp\/v2\/posts"}],"about":[{"href":"https:\/\/elreporterohgo.com\/noticias\/wp-json\/wp\/v2\/types\/post"}],"author":[{"embeddable":true,"href":"https:\/\/elreporterohgo.com\/noticias\/wp-json\/wp\/v2\/users\/2"}],"replies":[{"embeddable":true,"href":"https:\/\/elreporterohgo.com\/noticias\/wp-json\/wp\/v2\/comments?post=46234"}],"version-history":[{"count":1,"href":"https:\/\/elreporterohgo.com\/noticias\/wp-json\/wp\/v2\/posts\/46234\/revisions"}],"predecessor-version":[{"id":46236,"href":"https:\/\/elreporterohgo.com\/noticias\/wp-json\/wp\/v2\/posts\/46234\/revisions\/46236"}],"wp:featuredmedia":[{"embeddable":true,"href":"https:\/\/elreporterohgo.com\/noticias\/wp-json\/wp\/v2\/media\/46235"}],"wp:attachment":[{"href":"https:\/\/elreporterohgo.com\/noticias\/wp-json\/wp\/v2\/media?parent=46234"}],"wp:term":[{"taxonomy":"category","embeddable":true,"href":"https:\/\/elreporterohgo.com\/noticias\/wp-json\/wp\/v2\/categories?post=46234"},{"taxonomy":"post_tag","embeddable":true,"href":"https:\/\/elreporterohgo.com\/noticias\/wp-json\/wp\/v2\/tags?post=46234"}],"curies":[{"name":"wp","href":"https:\/\/api.w.org\/{rel}","templated":true}]}}