{"id":46219,"date":"2022-02-03T19:08:39","date_gmt":"2022-02-04T01:08:39","guid":{"rendered":"https:\/\/elreporterohgo.com\/noticias\/?p=46219"},"modified":"2022-02-03T19:20:57","modified_gmt":"2022-02-04T01:20:57","slug":"regreso-a-clases-presenciales-en-todos-los-niveles-de-manera-gradual","status":"publish","type":"post","link":"https:\/\/elreporterohgo.com\/noticias\/2022\/02\/03\/regreso-a-clases-presenciales-en-todos-los-niveles-de-manera-gradual\/","title":{"rendered":"Regreso a clases presenciales en todos los niveles de manera gradual"},"content":{"rendered":"\n<figure class=\"wp-block-image\"><img fetchpriority=\"high\" decoding=\"async\" width=\"455\" height=\"291\" src=\"https::\/\/elreporterohgo.com\/noticias\/wp-content\/uploads\/2022\/02\/foto-boletin-seph-2.jpeg\" alt=\"\" class=\"wp-image-46220\" srcset=\"https:\/\/elreporterohgo.com\/noticias\/wp-content\/uploads\/2022\/02\/foto-boletin-seph-2.jpeg 455w, https:\/\/elreporterohgo.com\/noticias\/wp-content\/uploads\/2022\/02\/foto-boletin-seph-2-300x192.jpeg 300w\" sizes=\"(max-width: 455px) 100vw, 455px\" \/><\/figure>\n\n\n\n<p>PACHUCA, Hgo.- El titular de la SEPH, destac\u00f3 que en trabajo coordinado entre la Secretar\u00eda de Educaci\u00f3n P\u00fablica de Hidalgo y la Secretar\u00eda de Salud (SSH), el regreso a clases presenciales se lleva a cabo de manera gradual y ordenada, con supervisi\u00f3n y siguiendo los protocolos establecidos, as\u00ed como con la participaci\u00f3n y apoyo de las madres y padres de familia, de manera corresponsable, y del Comit\u00e9 Participativo de Salud Escolar (CPSE) que se ha conformado en cada plantel. <\/p>\n\n\n\n<p>Se\u00f1al\u00f3\nque, de manera colegiada, el Consejo Estatal de Salud determin\u00f3 tres etapas\npara el regreso seguro a las escuelas: 1\u00aa. Etapa: del 3 al 28 de enero de 2022,\nclases a distancia con valoraci\u00f3n epidemiol\u00f3gica. 2\u00aa. Etapa: del 12 al 14 de\nenero de 2022, vacunaci\u00f3n del personal educativo del estado de Hidalgo. 3\u00aa.\nEtapa: del 31 de enero de 2022 en adelante, regreso a clases presenciales con\nvigilancia epidemiol\u00f3gica permanente, el cual se lleva a cabo de forma gradual,\nordenada y voluntaria.<\/p>\n\n\n\n<p>Por\nsu parte, el titular de la SSH, coincidi\u00f3 en que la educaci\u00f3n, as\u00ed como la\nsalud y la vida, son de las garant\u00edas individuales m\u00e1s importantes que tiene el\nser humano, al igual que el derecho a la alimentaci\u00f3n y otras libertades, por\nello la SEPH y Salud trabajan de manera estrecha y coordinada desde el inicio\nde la pandemia. <\/p>\n\n\n\n<p>Cabe\nse\u00f1alar que en Hidalgo existen 8 mil 746 escuelas, donde se atiende a 927 mil\n209 estudiantes. Las clases se llevan a cabo de manera h\u00edbrida. <\/p>\n\n\n\n<p>En\nel regreso a clases presenciales se aplican diversas medidas sanitarias y de\nbioseguridad enfocadas a evitar la transmisi\u00f3n del virus SARS-CoV-2 y sus\nvariantes:<\/p>\n\n\n\n<p>1.Instalaci\u00f3n\ndel Comit\u00e9 Escolar de Seguridad en Salud<\/p>\n\n\n\n<p>en\ntodos los planteles.<\/p>\n\n\n\n<p>2.Realizaci\u00f3n\nde clases h\u00edbridas o asincr\u00f3nicas.<\/p>\n\n\n\n<p>3.Asistencia\nvoluntaria.<\/p>\n\n\n\n<p>4.\nEsquema de vacunaci\u00f3n COVID-19 para el personal y estudiantes mayores de 15\na\u00f1os.<\/p>\n\n\n\n<p>5.Aplicaci\u00f3n\nde medidas de bioseguridad (Filtros sanitarios, Higiene de manos y suficiencia\nde materiales para este prop\u00f3sito, Uso correcto de mascarilla durante toda la\njornada escolar, Mantener la sana distancia, Aseo del sitio individual de\ntrabajo, Limitaci\u00f3n de aforos, Ventilaci\u00f3n natural y Recordatorios constantes a\npersonal y alumnado para aplicar siempre la etiqueta respiratoria; evitar tocar\nojos, nariz o boca; no saludar de beso, mano o abrazo; no compartir objetos de\nuso personal ni alimentos; quedarse en casa y solicitar atenci\u00f3n m\u00e9dica si se\npresentan s\u00edntomas).<\/p>\n\n\n\n<p>6.Coordinaci\u00f3n\nestrecha con la Secretar\u00eda de Salud de Hidalgo para el reporte de casos o\nbrotes.<\/p>\n","protected":false},"excerpt":{"rendered":"<p>PACHUCA, Hgo.- El titular de la SEPH, destac\u00f3 que en trabajo coordinado entre la Secretar\u00eda de Educaci\u00f3n P\u00fablica de Hidalgo y la Secretar\u00eda de Salud (SSH), el regreso a clases presenciales se lleva a cabo de manera gradual y ordenada, con supervisi\u00f3n y siguiendo los protocolos establecidos, as\u00ed como con la participaci\u00f3n y apoyo de<\/p>\n","protected":false},"author":2,"featured_media":46220,"comment_status":"open","ping_status":"closed","sticky":false,"template":"","format":"standard","meta":{"footnotes":""},"categories":[10],"tags":[],"class_list":{"0":"post-46219","1":"post","2":"type-post","3":"status-publish","4":"format-standard","5":"has-post-thumbnail","7":"category-hidalgo"},"_links":{"self":[{"href":"https:\/\/elreporterohgo.com\/noticias\/wp-json\/wp\/v2\/posts\/46219","targetHints":{"allow":["GET"]}}],"collection":[{"href":"https:\/\/elreporterohgo.com\/noticias\/wp-json\/wp\/v2\/posts"}],"about":[{"href":"https:\/\/elreporterohgo.com\/noticias\/wp-json\/wp\/v2\/types\/post"}],"author":[{"embeddable":true,"href":"https:\/\/elreporterohgo.com\/noticias\/wp-json\/wp\/v2\/users\/2"}],"replies":[{"embeddable":true,"href":"https:\/\/elreporterohgo.com\/noticias\/wp-json\/wp\/v2\/comments?post=46219"}],"version-history":[{"count":1,"href":"https:\/\/elreporterohgo.com\/noticias\/wp-json\/wp\/v2\/posts\/46219\/revisions"}],"predecessor-version":[{"id":46221,"href":"https:\/\/elreporterohgo.com\/noticias\/wp-json\/wp\/v2\/posts\/46219\/revisions\/46221"}],"wp:featuredmedia":[{"embeddable":true,"href":"https:\/\/elreporterohgo.com\/noticias\/wp-json\/wp\/v2\/media\/46220"}],"wp:attachment":[{"href":"https:\/\/elreporterohgo.com\/noticias\/wp-json\/wp\/v2\/media?parent=46219"}],"wp:term":[{"taxonomy":"category","embeddable":true,"href":"https:\/\/elreporterohgo.com\/noticias\/wp-json\/wp\/v2\/categories?post=46219"},{"taxonomy":"post_tag","embeddable":true,"href":"https:\/\/elreporterohgo.com\/noticias\/wp-json\/wp\/v2\/tags?post=46219"}],"curies":[{"name":"wp","href":"https:\/\/api.w.org\/{rel}","templated":true}]}}