{"id":46195,"date":"2022-02-03T12:06:56","date_gmt":"2022-02-03T18:06:56","guid":{"rendered":"https:\/\/elreporterohgo.com\/noticias\/?p=46195"},"modified":"2022-02-03T12:06:58","modified_gmt":"2022-02-03T18:06:58","slug":"mataron-a-un-hombre-de-18-anos","status":"publish","type":"post","link":"https:\/\/elreporterohgo.com\/noticias\/2022\/02\/03\/mataron-a-un-hombre-de-18-anos\/","title":{"rendered":"Matar\u00f3n a un hombre de 18 a\u00f1os"},"content":{"rendered":"\n<figure class=\"wp-block-image\"><img fetchpriority=\"high\" decoding=\"async\" width=\"689\" height=\"489\" src=\"https::\/\/elreporterohgo.com\/noticias\/wp-content\/uploads\/2022\/02\/97d606c3-ed38-41d2-9ff5-6c5c67ff8c2d-2.jpg\" alt=\"\" class=\"wp-image-46196\" srcset=\"https:\/\/elreporterohgo.com\/noticias\/wp-content\/uploads\/2022\/02\/97d606c3-ed38-41d2-9ff5-6c5c67ff8c2d-2.jpg 689w, https:\/\/elreporterohgo.com\/noticias\/wp-content\/uploads\/2022\/02\/97d606c3-ed38-41d2-9ff5-6c5c67ff8c2d-2-300x213.jpg 300w\" sizes=\"(max-width: 689px) 100vw, 689px\" \/><figcaption>Foto para ilustrar.<\/figcaption><\/figure>\n\n\n\n<p>ATOTONILCO DE TULA, Hgo.- Encuentran muerto a un jovencito sobre\ncamino de terracer\u00eda, ten\u00eda la costumbre de juntase con amigos que no\ntrabajaban.<\/p>\n\n\n\n<p>Cerca de las 23 horas del mi\u00e9rcoles, se dio la voz de alerta\nsobre una persona lesionada, as\u00ed que sin demora acude la Polic\u00eda Estatal.<\/p>\n\n\n\n<p>Al arribar al lugar, ya estaban efectivos de Seguridad\nMunicipal en la zona donde hab\u00eda una persona del sexo masculino tirado sobre\ncamino de terracer\u00eda que carec\u00eda de signos vitales.<\/p>\n\n\n\n<p>El occiso fue identificado como Jes\u00fas \u201cN\u201d de 18 a\u00f1os. La madre\ndel jovencito explic\u00f3 que su hijo trabajaba de alba\u00f1il, sin embargo, siempre\nestaba con los chavos de la esquina que no trabajan.<\/p>\n\n\n\n<p>En el lugar no se encontraron cartuchos percutidos, Polic\u00eda\nMunicipal qued\u00f3 como primer respondiente de los sangrientos hechos.<\/p>\n\n\n\n<p>La falta de un cartucho percutido indica que fue atacado con\nun revolver o baleado en otro lugar. La Polic\u00eda de Investigaci\u00f3n y peritos\nprocesaron el lugar en busca de indicios para esclarecer los hechos.<\/p>\n","protected":false},"excerpt":{"rendered":"<p>ATOTONILCO DE TULA, Hgo.- Encuentran muerto a un jovencito sobre camino de terracer\u00eda, ten\u00eda la costumbre de juntase con amigos que no trabajaban. Cerca de las 23 horas del mi\u00e9rcoles, se dio la voz de alerta sobre una persona lesionada, as\u00ed que sin demora acude la Polic\u00eda Estatal. Al arribar al lugar, ya estaban efectivos<\/p>\n","protected":false},"author":2,"featured_media":46196,"comment_status":"open","ping_status":"closed","sticky":false,"template":"","format":"standard","meta":{"footnotes":""},"categories":[10],"tags":[],"class_list":{"0":"post-46195","1":"post","2":"type-post","3":"status-publish","4":"format-standard","5":"has-post-thumbnail","7":"category-hidalgo"},"_links":{"self":[{"href":"https:\/\/elreporterohgo.com\/noticias\/wp-json\/wp\/v2\/posts\/46195","targetHints":{"allow":["GET"]}}],"collection":[{"href":"https:\/\/elreporterohgo.com\/noticias\/wp-json\/wp\/v2\/posts"}],"about":[{"href":"https:\/\/elreporterohgo.com\/noticias\/wp-json\/wp\/v2\/types\/post"}],"author":[{"embeddable":true,"href":"https:\/\/elreporterohgo.com\/noticias\/wp-json\/wp\/v2\/users\/2"}],"replies":[{"embeddable":true,"href":"https:\/\/elreporterohgo.com\/noticias\/wp-json\/wp\/v2\/comments?post=46195"}],"version-history":[{"count":1,"href":"https:\/\/elreporterohgo.com\/noticias\/wp-json\/wp\/v2\/posts\/46195\/revisions"}],"predecessor-version":[{"id":46197,"href":"https:\/\/elreporterohgo.com\/noticias\/wp-json\/wp\/v2\/posts\/46195\/revisions\/46197"}],"wp:featuredmedia":[{"embeddable":true,"href":"https:\/\/elreporterohgo.com\/noticias\/wp-json\/wp\/v2\/media\/46196"}],"wp:attachment":[{"href":"https:\/\/elreporterohgo.com\/noticias\/wp-json\/wp\/v2\/media?parent=46195"}],"wp:term":[{"taxonomy":"category","embeddable":true,"href":"https:\/\/elreporterohgo.com\/noticias\/wp-json\/wp\/v2\/categories?post=46195"},{"taxonomy":"post_tag","embeddable":true,"href":"https:\/\/elreporterohgo.com\/noticias\/wp-json\/wp\/v2\/tags?post=46195"}],"curies":[{"name":"wp","href":"https:\/\/api.w.org\/{rel}","templated":true}]}}