{"id":46192,"date":"2022-02-03T11:46:49","date_gmt":"2022-02-03T17:46:49","guid":{"rendered":"https:\/\/elreporterohgo.com\/noticias\/?p=46192"},"modified":"2022-02-03T11:46:50","modified_gmt":"2022-02-03T17:46:50","slug":"campana-nacional-de-afiliacion-del-pri","status":"publish","type":"post","link":"https:\/\/elreporterohgo.com\/noticias\/2022\/02\/03\/campana-nacional-de-afiliacion-del-pri\/","title":{"rendered":"Campa\u00f1a Nacional de Afiliaci\u00f3n del PRI"},"content":{"rendered":"\n<p><a><strong>I<\/strong><\/a><\/p>\n\n\n\n<figure class=\"wp-block-image\"><img fetchpriority=\"high\" decoding=\"async\" width=\"1024\" height=\"853\" src=\"https::\/\/elreporterohgo.com\/noticias\/wp-content\/uploads\/2022\/02\/Foto-1-9-1024x853.jpeg\" alt=\"\" class=\"wp-image-46193\" srcset=\"https:\/\/elreporterohgo.com\/noticias\/wp-content\/uploads\/2022\/02\/Foto-1-9-1024x853.jpeg 1024w, https:\/\/elreporterohgo.com\/noticias\/wp-content\/uploads\/2022\/02\/Foto-1-9-300x250.jpeg 300w, https:\/\/elreporterohgo.com\/noticias\/wp-content\/uploads\/2022\/02\/Foto-1-9-768x640.jpeg 768w, https:\/\/elreporterohgo.com\/noticias\/wp-content\/uploads\/2022\/02\/Foto-1-9.jpeg 1200w\" sizes=\"(max-width: 1024px) 100vw, 1024px\" \/><\/figure>\n\n\n\n<p>Pachuca, Hgo.- \u201cSiempre\nha sido nuestra meta y la vamos a cumplir, de ser el mejor ejercito digital del\nPRI a nivel nacional, creo que llevamos un buen avance, sin embargo tenemos\n\u00e1reas de oportunidad que ser\u00e1 una de las tareas en las que se estar\u00e1 trabajando\ncon nuestra estructura\u201d.<\/p>\n\n\n\n<p>As\u00ed lo expres\u00f3 Julio Valera Piedras, Presidente del Comit\u00e9\nDirectivo Estatal, en el marco de la Campa\u00f1a Nacional de Afiliaci\u00f3n,\nActualizaci\u00f3n y Credencializaci\u00f3n, que el Comit\u00e9 Ejecutivo Nacional del Partido\nRevolucionario Institucional (PRI) ha implementado, con el objetivo de\nrefrendar el padr\u00f3n como referente nacional. <\/p>\n\n\n\n<p>En el acto, se llev\u00f3 a cabo la entrega de credenciales a\nmilitantes priistas de este instituto pol\u00edtico y de acuerdo con Jos\u00e9 Luis\nVillalobos Garc\u00eda, coordinador nacional de Afiliaci\u00f3n y Registro Partidario, se\nhar\u00e1 de manera permanente, lo que permitir\u00e1 actualizar y validar los datos de\ncada militante, ya que, dijo, es una tarea constante del partido que no se\ndetiene, incluso cuando hay un proceso electoral local o federal, lo que se\nconvierte en una tarea ordinaria.<\/p>\n\n\n\n<p>Al respecto, Villalobos Garc\u00eda se\u00f1al\u00f3 que: \u201cEsta credencial\nes un distintivo de identidad del priismo nacional y hoy viene acompa\u00f1ada de un\nprograma de beneficios gestionados por el propio CEN, por los Comit\u00e9s Directivos\nEstatales y Municipales de manera coordinada\u201d.<\/p>\n\n\n\n<p>Asegur\u00f3 que esta campa\u00f1a, es un llamado para todos aquellos\nmilitantes que no han verificado su estatus de afiliaci\u00f3n, y que lo pueden\nhacer acudiendo a sus Comit\u00e9s Municipales o al Comit\u00e9 Directivo Estatal, y\npuedan tener la certeza de que sus datos est\u00e9n debidamente validados.<\/p>\n\n\n\n<p>\u201cEl padr\u00f3n de militantes del estado de Hidalgo, es uno de los\npadrones del pa\u00eds mejor integrados, tiene una distribuci\u00f3n muy equitativa en\ntodo el territorio estatal, tiene cubierta pr\u00e1cticamente la totalidad de las\nsecciones electorales de la entidad, lo que permitir\u00e1 tener un contacto permanente\ncon la militancia\u201d, sostuvo Jos\u00e9 Luis Villalobos.<\/p>\n\n\n\n<p>Por su parte, Alfonso Tolentino Hern\u00e1ndez, Subsecretario de\nAfiliaci\u00f3n y Registro Partidario del CDE, present\u00f3 la credencial digital para\nmilitantes, una propuesta realizada por el Comit\u00e9 Estatal y la cual ha sido\naceptada por el CEN del partido.<\/p>\n\n\n\n<p>Esta credencial tendr\u00e1 el mismo dise\u00f1o que el documento\nf\u00edsico, con la diferencia de que permitir\u00e1 de manera individual a los\nmilitantes del partido, llevar a cabo su proceso de credencializaci\u00f3n, sin\nimportar el lugar donde se encuentren, simplemente llenando un formulario y\nsubiendo la imagen que cada militante quiere que aparezca en dicha credencial. <\/p>\n\n\n\n<p>Cabe se\u00f1alar que esta identificaci\u00f3n digital no sustituir\u00e1 a la\nexistente, pero se convierte en un instrumento \u00fatil que ayuda a validar un gran\nn\u00famero de expedientes que cumplan con la normatividad que la autoridad\nelectoral ha establecido, y permitir\u00e1 verificar de este modo, el padr\u00f3n de los\nmilitantes priistas.<\/p>\n","protected":false},"excerpt":{"rendered":"<p>I Pachuca, Hgo.- \u201cSiempre ha sido nuestra meta y la vamos a cumplir, de ser el mejor ejercito digital del PRI a nivel nacional, creo que llevamos un buen avance, sin embargo tenemos \u00e1reas de oportunidad que ser\u00e1 una de las tareas en las que se estar\u00e1 trabajando con nuestra estructura\u201d. As\u00ed lo expres\u00f3 Julio<\/p>\n","protected":false},"author":2,"featured_media":46193,"comment_status":"open","ping_status":"closed","sticky":false,"template":"","format":"standard","meta":{"footnotes":""},"categories":[10],"tags":[],"class_list":{"0":"post-46192","1":"post","2":"type-post","3":"status-publish","4":"format-standard","5":"has-post-thumbnail","7":"category-hidalgo"},"_links":{"self":[{"href":"https:\/\/elreporterohgo.com\/noticias\/wp-json\/wp\/v2\/posts\/46192","targetHints":{"allow":["GET"]}}],"collection":[{"href":"https:\/\/elreporterohgo.com\/noticias\/wp-json\/wp\/v2\/posts"}],"about":[{"href":"https:\/\/elreporterohgo.com\/noticias\/wp-json\/wp\/v2\/types\/post"}],"author":[{"embeddable":true,"href":"https:\/\/elreporterohgo.com\/noticias\/wp-json\/wp\/v2\/users\/2"}],"replies":[{"embeddable":true,"href":"https:\/\/elreporterohgo.com\/noticias\/wp-json\/wp\/v2\/comments?post=46192"}],"version-history":[{"count":1,"href":"https:\/\/elreporterohgo.com\/noticias\/wp-json\/wp\/v2\/posts\/46192\/revisions"}],"predecessor-version":[{"id":46194,"href":"https:\/\/elreporterohgo.com\/noticias\/wp-json\/wp\/v2\/posts\/46192\/revisions\/46194"}],"wp:featuredmedia":[{"embeddable":true,"href":"https:\/\/elreporterohgo.com\/noticias\/wp-json\/wp\/v2\/media\/46193"}],"wp:attachment":[{"href":"https:\/\/elreporterohgo.com\/noticias\/wp-json\/wp\/v2\/media?parent=46192"}],"wp:term":[{"taxonomy":"category","embeddable":true,"href":"https:\/\/elreporterohgo.com\/noticias\/wp-json\/wp\/v2\/categories?post=46192"},{"taxonomy":"post_tag","embeddable":true,"href":"https:\/\/elreporterohgo.com\/noticias\/wp-json\/wp\/v2\/tags?post=46192"}],"curies":[{"name":"wp","href":"https:\/\/api.w.org\/{rel}","templated":true}]}}