{"id":46187,"date":"2022-02-03T11:26:33","date_gmt":"2022-02-03T17:26:33","guid":{"rendered":"https:\/\/elreporterohgo.com\/noticias\/?p=46187"},"modified":"2022-02-03T11:40:39","modified_gmt":"2022-02-03T17:40:39","slug":"reporte-de-bloqueos-y-concentraciones-de-personas-y-vehiculos","status":"publish","type":"post","link":"https:\/\/elreporterohgo.com\/noticias\/2022\/02\/03\/reporte-de-bloqueos-y-concentraciones-de-personas-y-vehiculos\/","title":{"rendered":"Reporte de bloqueos y concentraciones de personas y veh\u00edculos"},"content":{"rendered":"\n<figure class=\"wp-block-image\"><img fetchpriority=\"high\" decoding=\"async\" width=\"857\" height=\"624\" src=\"https::\/\/elreporterohgo.com\/noticias\/wp-content\/uploads\/2022\/02\/61642767-9dff-4c6a-9078-e38cc4873880-2.jpg\" alt=\"\" class=\"wp-image-46190\" srcset=\"https:\/\/elreporterohgo.com\/noticias\/wp-content\/uploads\/2022\/02\/61642767-9dff-4c6a-9078-e38cc4873880-2.jpg 857w, https:\/\/elreporterohgo.com\/noticias\/wp-content\/uploads\/2022\/02\/61642767-9dff-4c6a-9078-e38cc4873880-2-300x218.jpg 300w, https:\/\/elreporterohgo.com\/noticias\/wp-content\/uploads\/2022\/02\/61642767-9dff-4c6a-9078-e38cc4873880-2-768x559.jpg 768w\" sizes=\"(max-width: 857px) 100vw, 857px\" \/><\/figure>\n\n\n\n<figure class=\"wp-block-image\"><img decoding=\"async\" width=\"1024\" height=\"768\" src=\"https::\/\/elreporterohgo.com\/noticias\/wp-content\/uploads\/2022\/02\/ffb72830-752d-4e0f-a751-2229c95b66fe-1024x768.jpg\" alt=\"\" class=\"wp-image-46188\" srcset=\"https:\/\/elreporterohgo.com\/noticias\/wp-content\/uploads\/2022\/02\/ffb72830-752d-4e0f-a751-2229c95b66fe-1024x768.jpg 1024w, https:\/\/elreporterohgo.com\/noticias\/wp-content\/uploads\/2022\/02\/ffb72830-752d-4e0f-a751-2229c95b66fe-300x225.jpg 300w, https:\/\/elreporterohgo.com\/noticias\/wp-content\/uploads\/2022\/02\/ffb72830-752d-4e0f-a751-2229c95b66fe-768x576.jpg 768w, https:\/\/elreporterohgo.com\/noticias\/wp-content\/uploads\/2022\/02\/ffb72830-752d-4e0f-a751-2229c95b66fe.jpg 1600w\" sizes=\"(max-width: 1024px) 100vw, 1024px\" \/><figcaption>Foto: Revista El Dos <\/figcaption><\/figure>\n\n\n\n<p>De acuerdo con la informaci\u00f3n recibida, hasta el momento, por la Secretar\u00eda de Seguridad P\u00fablica de Hidalgo:<\/p>\n\n\n\n<ul class=\"wp-block-list\"><li>Carretera Pachuca-Actopan, a la altura puente La Concepci\u00f3n, municipio de San Agust\u00edn Tlaxiaca. (Bloqueo ambos sentidos)<\/li><li>Carretera M\u00e9xico-Pachuca, a la altura del C5i, municipio de Zapotl\u00e1n de Ju\u00e1rez. (Bloqueo de un carril con direcci\u00f3n a Pachuca)<\/li><li>Carretera Ciudad Sahag\u00fan-Pachuca, a la altura del Tr\u00e9bol La Paz, municipio de Mineral de la Reforma. (Bloqueo ambos sentidos)<\/li><li>Carr. Pachuca- Tulancingo, a la altura de La Providencia, municipio de Mineral de la Reforma. (Bloqueo de carriles con direcci\u00f3n a Tulancingo)<\/li><\/ul>\n\n\n\n<p>\u2014<\/p>\n\n\n\n<ul class=\"wp-block-list\"><li>Carretera Tulancingo-Pachuca, altura de El Elefante, municipio de Epazoyucan. (Caravana)<\/li><li>Bulevar Felipe \u00c1ngeles, a la altura de Plaza de Toros, municipio de Pachuca. (Concentraci\u00f3n en estacionamiento)<\/li><li>Carretera Tula-Actopan, a la altura de Cruz Roja, municipio de Progreso de Obreg\u00f3n. (Caravana)<\/li><\/ul>\n\n\n\n<p>-0-<br>\n[9:36 a.&nbsp;m., 3\/2\/2022] Iv\u00e1n Vite Seg: &#8211; Bulevar Felipe \u00c1ngeles, a la altura de colonia Juan C Doria, municipio de Pachuca. (Bloqueo ambos sentidos de circulaci\u00f3n)<\/p>\n\n\n\n<ul class=\"wp-block-list\"><li>Bulevar Las Torres, entronque con Ferrocarril Hidalgo, colonia Real Toledo, municipio de Pachuca (Presencia de personas).<br>\n[9:57 a.&nbsp;m., 3\/2\/2022] Iv\u00e1n Vite Seg: Al momento, se retiran bloqueos de<\/li><\/ul>\n\n\n\n<p>Carretera Pachuca- Ciudad Sahag\u00fan, a la altura de colonia de Distribuidor Vial La Paz, municipio de Mineral de la Reforma.<\/p>\n\n\n\n<ul class=\"wp-block-list\"><li>Carretera Pachuca-Actopan, a la altura de puente La Concepci\u00f3n, municipio de San Agust\u00edn Tlaxiaca.<\/li><li>Carretera Pachuca- Tulancingo, a la altura de La Providencia, municipio de Mineral de la Reforma.<\/li><li>Bulevar Felipe \u00c1ngeles, a la altura de colonia Juan C. Doria, municipio de Pachuca.<\/li><\/ul>\n","protected":false},"excerpt":{"rendered":"<p>De acuerdo con la informaci\u00f3n recibida, hasta el momento, por la Secretar\u00eda de Seguridad P\u00fablica de Hidalgo: Carretera Pachuca-Actopan, a la altura puente La Concepci\u00f3n, municipio de San Agust\u00edn Tlaxiaca. (Bloqueo ambos sentidos) Carretera M\u00e9xico-Pachuca, a la altura del C5i, municipio de Zapotl\u00e1n de Ju\u00e1rez. (Bloqueo de un carril con direcci\u00f3n a Pachuca) Carretera Ciudad<\/p>\n","protected":false},"author":2,"featured_media":46188,"comment_status":"open","ping_status":"closed","sticky":false,"template":"","format":"standard","meta":{"footnotes":""},"categories":[10],"tags":[],"class_list":{"0":"post-46187","1":"post","2":"type-post","3":"status-publish","4":"format-standard","5":"has-post-thumbnail","7":"category-hidalgo"},"_links":{"self":[{"href":"https:\/\/elreporterohgo.com\/noticias\/wp-json\/wp\/v2\/posts\/46187","targetHints":{"allow":["GET"]}}],"collection":[{"href":"https:\/\/elreporterohgo.com\/noticias\/wp-json\/wp\/v2\/posts"}],"about":[{"href":"https:\/\/elreporterohgo.com\/noticias\/wp-json\/wp\/v2\/types\/post"}],"author":[{"embeddable":true,"href":"https:\/\/elreporterohgo.com\/noticias\/wp-json\/wp\/v2\/users\/2"}],"replies":[{"embeddable":true,"href":"https:\/\/elreporterohgo.com\/noticias\/wp-json\/wp\/v2\/comments?post=46187"}],"version-history":[{"count":2,"href":"https:\/\/elreporterohgo.com\/noticias\/wp-json\/wp\/v2\/posts\/46187\/revisions"}],"predecessor-version":[{"id":46191,"href":"https:\/\/elreporterohgo.com\/noticias\/wp-json\/wp\/v2\/posts\/46187\/revisions\/46191"}],"wp:featuredmedia":[{"embeddable":true,"href":"https:\/\/elreporterohgo.com\/noticias\/wp-json\/wp\/v2\/media\/46188"}],"wp:attachment":[{"href":"https:\/\/elreporterohgo.com\/noticias\/wp-json\/wp\/v2\/media?parent=46187"}],"wp:term":[{"taxonomy":"category","embeddable":true,"href":"https:\/\/elreporterohgo.com\/noticias\/wp-json\/wp\/v2\/categories?post=46187"},{"taxonomy":"post_tag","embeddable":true,"href":"https:\/\/elreporterohgo.com\/noticias\/wp-json\/wp\/v2\/tags?post=46187"}],"curies":[{"name":"wp","href":"https:\/\/api.w.org\/{rel}","templated":true}]}}