{"id":46151,"date":"2022-02-01T20:52:14","date_gmt":"2022-02-02T02:52:14","guid":{"rendered":"https:\/\/elreporterohgo.com\/noticias\/?p=46151"},"modified":"2022-02-01T20:52:15","modified_gmt":"2022-02-02T02:52:15","slug":"vision-de-futuro-para-mexico-en-exploracion-del-espacio","status":"publish","type":"post","link":"https:\/\/elreporterohgo.com\/noticias\/2022\/02\/01\/vision-de-futuro-para-mexico-en-exploracion-del-espacio\/","title":{"rendered":"Visi\u00f3n de futuro para M\u00e9xico en exploraci\u00f3n del espacio"},"content":{"rendered":"\n<figure class=\"wp-block-image\"><img fetchpriority=\"high\" decoding=\"async\" width=\"1024\" height=\"682\" src=\"https::\/\/elreporterohgo.com\/noticias\/wp-content\/uploads\/2022\/02\/unnamed-2022-02-01T204321.580-1024x682.jpg\" alt=\"\" class=\"wp-image-46152\" srcset=\"https:\/\/elreporterohgo.com\/noticias\/wp-content\/uploads\/2022\/02\/unnamed-2022-02-01T204321.580-1024x682.jpg 1024w, https:\/\/elreporterohgo.com\/noticias\/wp-content\/uploads\/2022\/02\/unnamed-2022-02-01T204321.580-300x200.jpg 300w, https:\/\/elreporterohgo.com\/noticias\/wp-content\/uploads\/2022\/02\/unnamed-2022-02-01T204321.580-768x512.jpg 768w, https:\/\/elreporterohgo.com\/noticias\/wp-content\/uploads\/2022\/02\/unnamed-2022-02-01T204321.580.jpg 1280w\" sizes=\"(max-width: 1024px) 100vw, 1024px\" \/><\/figure>\n\n\n\n<p>Ciudad de M\u00e9xico.- \u201cA m\u00ed me parece que lo que hoy estamos haciendo es definir las prioridades de futuro, los aqu\u00ed presentes entienden perfectamente que vivimos un momento \u00fanico en el sector espacial mundial, y M\u00e9xico debe ser parte de ello\u201d, declar\u00f3 el gobernador Omar Fayad.<\/p>\n\n\n\n<p>Lo\nanterior, en el auditorio de la Torre de Rector\u00eda de la Universidad Nacional Aut\u00f3noma\nde M\u00e9xico (UNAM), durante la presentaci\u00f3n de la Misi\u00f3n Colmena, cuyo objetivo\nes desplegar microrrobots en la Luna, los cuales se organizar\u00e1n por cuenta\npropia para formar un enjambre capaz de monitorear las condiciones ambientales\ndel sat\u00e9lite, particularmente del polvo lunar o regolito, y transmitirlas. <\/p>\n\n\n\n<p>Al respecto, el titular de\nla Secretar\u00eda de Relaciones Exteriores (SRE), Marcelo Ebrard Casaub\u00f3n, cit\u00f3 que\nlos proyectos cient\u00edficos tienen un alto nivel de prioridad en la pol\u00edtica\nexterior de M\u00e9xico, pues ello favorece estar a tiempo en las grandes\ntransformaciones tecnol\u00f3gicas y cient\u00edficas del mundo. <\/p>\n\n\n\n<p>\u201cTambi\u00e9n\ndebo reconocer el papel que ha tenido el gobernador de Hidalgo, porque estos\nproyectos maduran a largo plazo y normalmente los gobiernos est\u00e1n preocupados\npor el a\u00f1o que viene, es muy raro ver un gobierno y m\u00e1s estatal, que est\u00e9\npensando en la d\u00e9cada que sigue. Eso te lo reconozco Omar, porque no es com\u00fan,\ntodo mundo est\u00e1 pensando en lo de ahorita, entonces la infraestructura que el\nestado de Hidalgo va dejando y construyendo junto con la Universidad Nacional,\nva a tener un impacto muy significativo para M\u00e9xico y para el estado de Hidalgo\nen los a\u00f1os por venir\u201d, expres\u00f3 el canciller. <\/p>\n\n\n\n<p>El rector de la UNAM,&nbsp; Enrique Graue Wiechers, destac\u00f3 que proyectos\ncomo Colmena hacen sentir que existe una sensaci\u00f3n entre la fantas\u00eda y ciencia\nficci\u00f3n; por ello exhort\u00f3 a celebrar la fortaleza de la m\u00e1xima casa de estudios\ny el Laboratorio de Investigaci\u00f3n Espacial, los institutos de investigaci\u00f3n y\nla participaci\u00f3n de 200 alumnos que est\u00e1n aplicando la ciencia b\u00e1sica para\npoder transformar la realidad, particularmente en un a\u00f1o que la ONU declar\u00f3\ncomo &#8216;A\u00f1o de las ciencias b\u00e1sicas para sustentabilidad&#8217;.<\/p>\n\n\n\n<p>Graue Wiechers declar\u00f3 que\nel gobernador Omar Fayad y el estado de Hidalgo, la UNAM tiene \u201cun largo\ntrayecto de innovaci\u00f3n que estamos impulsando\u201d, tambi\u00e9n reconoci\u00f3 el inter\u00e9s de\nla canciller\u00eda mexicana por aplicar la ciencia a las pol\u00edticas del Estado, y\nentre ellas, la investigaci\u00f3n espacial. <\/p>\n\n\n\n<p>En su\nintervenci\u00f3n, el gobernador Omar Fayad dijo: \u201cdesde Hidalgo, estamos muy\ncontentos de compartir la misma visi\u00f3n y sinergia con la UNAM, a trav\u00e9s de\ngrandes proyectos de futuro para M\u00e9xico\u201d.<\/p>\n\n\n\n<p>Fayad hizo un recuento de\nlas acciones que se impulsan en territorio hidalguense en materia de ciencia y\ntecnolog\u00eda a trav\u00e9s de la Unidad de Planeaci\u00f3n y Prospectiva, el Citnova; as\u00ed\ncomo el Distrito de Educaci\u00f3n, Salud, Ciencia, Tecnolog\u00eda e Innovaci\u00f3n (DESCTI).\nEntre los que destacan el lanzamiento de globos estratosf\u00e9ricos para\ndesarrollar tecnolog\u00eda espacial; la puesta en \u00f3rbita del primer nanosat\u00e9lite de\nla serie NanoConnect, y con ello la validaci\u00f3n de la tecnolog\u00eda de sat\u00e9lites en\nla estrat\u00f3sfera. <\/p>\n\n\n\n<p>El a\u00f1o\npasado, desde la India, cit\u00f3 Fayad, fue exitosamente lanzado el NanoConnect2 \u201cdemostrando\nla importancia de una visi\u00f3n de largo plazo cuando se trata de ciencia,\ntecnolog\u00eda e innovaci\u00f3n\u201d.<\/p>\n\n\n\n<p>El\ntambi\u00e9n presidente de la Conferencia Nacional de Gobernadores (Conago), anunci\u00f3\nque en la actualidad se trabaja en la proyecci\u00f3n hacia el futuro con el <a>NanoConnect 3, cuya innovaci\u00f3n es que ser\u00e1 controlado por\ninteligencia artificial. <\/a><\/p>\n\n\n\n<p>\u201cDe ese tama\u00f1o son nuestras aspiraciones\nconjuntas y por eso desarrollamos el Laboratorio Nacional de Acceso Espacial\n(LANAE), desde Hidalgo, en colaboraci\u00f3n con la UNAM. Un centro de desarrollo de\ntecnolog\u00edas espaciales innovadoras que se convertir\u00e1 en un motor del sector\nespacial en M\u00e9xico\u201d, refiri\u00f3.<\/p>\n\n\n\n<p>Gustavo\nMedina Tanco, responsable del proyecto y l\u00edder del Laboratorio de\nInstrumentaci\u00f3n Espacial (LINX) de la UNAM, expuso que Colmena es una misi\u00f3n\nlunar integralmente mexicana, concebida, dise\u00f1ada y construida en el LINX, del\nInstituto de Ciencias Nucleares (ICN), con la participaci\u00f3n de aproximadamente\n200 alumnos de las \u00e1reas de ingenier\u00eda, f\u00edsica, matem\u00e1ticas y qu\u00edmica.<\/p>\n\n\n\n<p>Esta\nmisi\u00f3n, explic\u00f3 Medina Tanco tiene tanto objetivos cient\u00edficos como de\ningenier\u00eda que est\u00e1n estrechamente relacionados con las propiedades de las\nsuperficies de cuerpos rocosos que no poseen atm\u00f3sfera y que, por lo tanto,\nest\u00e1n directamente expuestos a la radiaci\u00f3n ultravioleta, al viento solar y al\nbombardeo de micrometeoritos. <\/p>\n\n\n\n<p>Colmena,\nabund\u00f3 el investigador, es pionera en su tipo en el mundo y tiene por objetivo\ndesarrollar capacidades espaciales \u00fanicas, que le permitir\u00e1n a M\u00e9xico realizar\naportaciones en igualdad con otras naciones en la nueva era de exploraci\u00f3n y\nexplotaci\u00f3n comercial del sistema solar interior que tendr\u00e1 lugar en las\npr\u00f3ximas d\u00e9cadas.<\/p>\n\n\n\n<p>Por su\nparte, Salvador Landeros Ayala, director de la Agencia Espacial Mexicana,\nindic\u00f3 que con la Misi\u00f3n Colmena se confirma la capacidad de la ciencia y\ntecnolog\u00eda mexicanas y del alto nivel acad\u00e9mico de la UNAM, con apoyos\nconjuntos de la Agencia Espacial Mexicana, CONACyT y el Gobierno del Estado de\nHidalgo se impuls\u00f3 este proyecto, el cual ser\u00e1 fundamental para fortalecer las\nactividades de exploraci\u00f3n espacial como el regreso del ser humano a la Luna y\nde los vuelos tripulados y no tripulados a Marte. <\/p>\n\n\n\n<p>Mar\u00eda\ndel Pilar Carre\u00f3n Castro, directora del ICN de la UNAM, dijo que ver el inicio\nde este proyecto de manera formal es un gran logro para la comunidad que\nrepresenta este proyecto. Se congratul\u00f3 por el compromiso de los estudiantes\ninvolucrados y la suma esfuerzos para un fin com\u00fan.<\/p>\n\n\n\n<p>En esta ambiciosa iniciativa\nllamada Misi\u00f3n Colmena convergen esfuerzos de la UNAM, el Consejo Nacional de\nCiencia y Tecnolog\u00eda (Conacyt), la Agencia Espacial Mexicana (AEM), el Gobierno\ndel Estado de Hidalgo y del sector privado.<\/p>\n","protected":false},"excerpt":{"rendered":"<p>Ciudad de M\u00e9xico.- \u201cA m\u00ed me parece que lo que hoy estamos haciendo es definir las prioridades de futuro, los aqu\u00ed presentes entienden perfectamente que vivimos un momento \u00fanico en el sector espacial mundial, y M\u00e9xico debe ser parte de ello\u201d, declar\u00f3 el gobernador Omar Fayad. Lo anterior, en el auditorio de la Torre de<\/p>\n","protected":false},"author":2,"featured_media":46152,"comment_status":"open","ping_status":"closed","sticky":false,"template":"","format":"standard","meta":{"footnotes":""},"categories":[10],"tags":[],"class_list":{"0":"post-46151","1":"post","2":"type-post","3":"status-publish","4":"format-standard","5":"has-post-thumbnail","7":"category-hidalgo"},"_links":{"self":[{"href":"https:\/\/elreporterohgo.com\/noticias\/wp-json\/wp\/v2\/posts\/46151","targetHints":{"allow":["GET"]}}],"collection":[{"href":"https:\/\/elreporterohgo.com\/noticias\/wp-json\/wp\/v2\/posts"}],"about":[{"href":"https:\/\/elreporterohgo.com\/noticias\/wp-json\/wp\/v2\/types\/post"}],"author":[{"embeddable":true,"href":"https:\/\/elreporterohgo.com\/noticias\/wp-json\/wp\/v2\/users\/2"}],"replies":[{"embeddable":true,"href":"https:\/\/elreporterohgo.com\/noticias\/wp-json\/wp\/v2\/comments?post=46151"}],"version-history":[{"count":1,"href":"https:\/\/elreporterohgo.com\/noticias\/wp-json\/wp\/v2\/posts\/46151\/revisions"}],"predecessor-version":[{"id":46153,"href":"https:\/\/elreporterohgo.com\/noticias\/wp-json\/wp\/v2\/posts\/46151\/revisions\/46153"}],"wp:featuredmedia":[{"embeddable":true,"href":"https:\/\/elreporterohgo.com\/noticias\/wp-json\/wp\/v2\/media\/46152"}],"wp:attachment":[{"href":"https:\/\/elreporterohgo.com\/noticias\/wp-json\/wp\/v2\/media?parent=46151"}],"wp:term":[{"taxonomy":"category","embeddable":true,"href":"https:\/\/elreporterohgo.com\/noticias\/wp-json\/wp\/v2\/categories?post=46151"},{"taxonomy":"post_tag","embeddable":true,"href":"https:\/\/elreporterohgo.com\/noticias\/wp-json\/wp\/v2\/tags?post=46151"}],"curies":[{"name":"wp","href":"https:\/\/api.w.org\/{rel}","templated":true}]}}