{"id":46132,"date":"2022-02-01T13:21:36","date_gmt":"2022-02-01T19:21:36","guid":{"rendered":"https:\/\/elreporterohgo.com\/noticias\/?p=46132"},"modified":"2022-02-01T13:21:37","modified_gmt":"2022-02-01T19:21:37","slug":"%ef%bb%bf-convoca-cultura-hidalgo-a-participar-en-programa-de-emprendimiento-creativo","status":"publish","type":"post","link":"https:\/\/elreporterohgo.com\/noticias\/2022\/02\/01\/%ef%bb%bf-convoca-cultura-hidalgo-a-participar-en-programa-de-emprendimiento-creativo\/","title":{"rendered":"\ufeff Convoca Cultura Hidalgo a participar en programa de emprendimiento creativo"},"content":{"rendered":"\n<p><strong>&nbsp;Convoca Cultura Hidalgo a participar en\nprograma de emprendimiento creativo<\/strong><\/p>\n\n\n\n<figure class=\"wp-block-image\"><img fetchpriority=\"high\" decoding=\"async\" width=\"1024\" height=\"768\" src=\"https::\/\/elreporterohgo.com\/noticias\/wp-content\/uploads\/2022\/02\/unnamed-2022-02-01T131950.858-1024x768.jpg\" alt=\"\" class=\"wp-image-46134\" srcset=\"https:\/\/elreporterohgo.com\/noticias\/wp-content\/uploads\/2022\/02\/unnamed-2022-02-01T131950.858-1024x768.jpg 1024w, https:\/\/elreporterohgo.com\/noticias\/wp-content\/uploads\/2022\/02\/unnamed-2022-02-01T131950.858-300x225.jpg 300w, https:\/\/elreporterohgo.com\/noticias\/wp-content\/uploads\/2022\/02\/unnamed-2022-02-01T131950.858-768x576.jpg 768w, https:\/\/elreporterohgo.com\/noticias\/wp-content\/uploads\/2022\/02\/unnamed-2022-02-01T131950.858.jpg 1280w\" sizes=\"(max-width: 1024px) 100vw, 1024px\" \/><\/figure>\n\n\n\n<ul class=\"wp-block-list\"><li><strong>Impulsar\u00e1n\nproyectos destinados al emprendimiento cultural en municipios de Hidalgo<\/strong><\/li><li><strong>Servidores\np\u00fablicos y representantes de asociaciones y colectivos podr\u00e1n participar previo\nregistro<\/strong><\/li><\/ul>\n\n\n\n<p>PACHUCA,\nHgo., a 31 de enero de 2022.- La Secretar\u00eda de Cultura de Hidalgo anunci\u00f3 la\nconvocatoria para integrarse al programa de formaci\u00f3n para l\u00edderes en el\necosistema de emprendimiento creativo.<\/p>\n\n\n\n<p>Se\ninvita a personas servidoras p\u00fablicas municipales, representantes de\nasociaciones o colectivos que est\u00e9n interesados en generar un proyecto de\nemprendimiento que apoye a la comunidad creativa en sus localidades.<\/p>\n\n\n\n<p>\u201cQuienes\nparticipan en este programa, reciben capacitaci\u00f3n y asesor\u00eda para integrar un\necosistema que los acompa\u00f1a como a emprendedores creativos y culturales desde\nla ideaci\u00f3n de su negocio hasta la identificaci\u00f3n de oportunidades de\nvinculaci\u00f3n empresarial\u201d, explic\u00f3 Leyza Fern\u00e1ndez, encargada de la Secretar\u00eda\nde Cultura.<\/p>\n\n\n\n<p>Enfatiz\u00f3\nel inter\u00e9s del gobernador Omar Fayad en impulsar el emprendimiento cultural\ncomo parte de las acciones que permiten que la poblaci\u00f3n hidalguense participe\nen la generaci\u00f3n de productos culturales y que \u00e9stos, a su vez, impacten de\nmanera positiva en las comunidades.<\/p>\n\n\n\n<p>La\nconvocatoria ya est\u00e1 abierta y para conocer las bases y realizar el\ncorrespondiente registro es necesario ingresar a la liga\nhttps:s:\/\/rec.culturahidalgo.gob.mx\/lideres.php<\/p>\n\n\n\n<p>El\nPrograma de formaci\u00f3n para l\u00edderes en el ecosistema de emprendimiento creativo,\nes una estrategia que busca impulsar el desarrollo de habilidades y\ncompetencias creativas mediante acciones de emprendimiento, ideaci\u00f3n,\nacompa\u00f1amiento, vinculaci\u00f3n empresarial y la generaci\u00f3n de programas de\nemprendimiento en los municipios, compartiendo la experiencia de la Red de\nEmprendedores Creativos en Hidalgo.<\/p>\n\n\n\n<p>Est\u00e1\nproyectado para llevarse a cabo en 15 horas de manera virtual y desarrolla\ncontenidos orientados a la vocaci\u00f3n de cada localidad.<\/p>\n\n\n\n<figure class=\"wp-block-image\"><img decoding=\"async\" width=\"1024\" height=\"1024\" src=\"https::\/\/elreporterohgo.com\/noticias\/wp-content\/uploads\/2022\/02\/unnamed-2022-02-01T131947.598-1024x1024.jpg\" alt=\"\" class=\"wp-image-46133\" srcset=\"https:\/\/elreporterohgo.com\/noticias\/wp-content\/uploads\/2022\/02\/unnamed-2022-02-01T131947.598-1024x1024.jpg 1024w, https:\/\/elreporterohgo.com\/noticias\/wp-content\/uploads\/2022\/02\/unnamed-2022-02-01T131947.598-150x150.jpg 150w, https:\/\/elreporterohgo.com\/noticias\/wp-content\/uploads\/2022\/02\/unnamed-2022-02-01T131947.598-300x300.jpg 300w, https:\/\/elreporterohgo.com\/noticias\/wp-content\/uploads\/2022\/02\/unnamed-2022-02-01T131947.598-768x768.jpg 768w, https:\/\/elreporterohgo.com\/noticias\/wp-content\/uploads\/2022\/02\/unnamed-2022-02-01T131947.598-160x160.jpg 160w, https:\/\/elreporterohgo.com\/noticias\/wp-content\/uploads\/2022\/02\/unnamed-2022-02-01T131947.598.jpg 1280w\" sizes=\"(max-width: 1024px) 100vw, 1024px\" \/><\/figure>\n","protected":false},"excerpt":{"rendered":"<p>&nbsp;Convoca Cultura Hidalgo a participar en programa de emprendimiento creativo Impulsar\u00e1n proyectos destinados al emprendimiento cultural en municipios de Hidalgo Servidores p\u00fablicos y representantes de asociaciones y colectivos podr\u00e1n participar previo registro PACHUCA, Hgo., a 31 de enero de 2022.- La Secretar\u00eda de Cultura de Hidalgo anunci\u00f3 la convocatoria para integrarse al programa de formaci\u00f3n<\/p>\n","protected":false},"author":2,"featured_media":46134,"comment_status":"open","ping_status":"closed","sticky":false,"template":"","format":"standard","meta":{"footnotes":""},"categories":[10],"tags":[],"class_list":{"0":"post-46132","1":"post","2":"type-post","3":"status-publish","4":"format-standard","5":"has-post-thumbnail","7":"category-hidalgo"},"_links":{"self":[{"href":"https:\/\/elreporterohgo.com\/noticias\/wp-json\/wp\/v2\/posts\/46132","targetHints":{"allow":["GET"]}}],"collection":[{"href":"https:\/\/elreporterohgo.com\/noticias\/wp-json\/wp\/v2\/posts"}],"about":[{"href":"https:\/\/elreporterohgo.com\/noticias\/wp-json\/wp\/v2\/types\/post"}],"author":[{"embeddable":true,"href":"https:\/\/elreporterohgo.com\/noticias\/wp-json\/wp\/v2\/users\/2"}],"replies":[{"embeddable":true,"href":"https:\/\/elreporterohgo.com\/noticias\/wp-json\/wp\/v2\/comments?post=46132"}],"version-history":[{"count":1,"href":"https:\/\/elreporterohgo.com\/noticias\/wp-json\/wp\/v2\/posts\/46132\/revisions"}],"predecessor-version":[{"id":46135,"href":"https:\/\/elreporterohgo.com\/noticias\/wp-json\/wp\/v2\/posts\/46132\/revisions\/46135"}],"wp:featuredmedia":[{"embeddable":true,"href":"https:\/\/elreporterohgo.com\/noticias\/wp-json\/wp\/v2\/media\/46134"}],"wp:attachment":[{"href":"https:\/\/elreporterohgo.com\/noticias\/wp-json\/wp\/v2\/media?parent=46132"}],"wp:term":[{"taxonomy":"category","embeddable":true,"href":"https:\/\/elreporterohgo.com\/noticias\/wp-json\/wp\/v2\/categories?post=46132"},{"taxonomy":"post_tag","embeddable":true,"href":"https:\/\/elreporterohgo.com\/noticias\/wp-json\/wp\/v2\/tags?post=46132"}],"curies":[{"name":"wp","href":"https:\/\/api.w.org\/{rel}","templated":true}]}}