{"id":45986,"date":"2022-01-27T23:54:55","date_gmt":"2022-01-28T05:54:55","guid":{"rendered":"https:\/\/elreporterohgo.com\/noticias\/?p=45986"},"modified":"2022-01-27T23:54:55","modified_gmt":"2022-01-28T05:54:55","slug":"el-pps-apoya-u-defiende-la-reforma-energetica","status":"publish","type":"post","link":"https:\/\/elreporterohgo.com\/noticias\/2022\/01\/27\/el-pps-apoya-u-defiende-la-reforma-energetica\/","title":{"rendered":"El PPS apoya u defiende la reforma energ\u00e9tica"},"content":{"rendered":"\n<figure class=\"wp-block-image\"><img fetchpriority=\"high\" decoding=\"async\" width=\"1024\" height=\"1021\" src=\"https::\/\/elreporterohgo.com\/noticias\/wp-content\/uploads\/2022\/01\/dc56bc8b-2b09-4a00-af23-29795ecce1ca-2-1024x1021.jpg\" alt=\"\" class=\"wp-image-45987\" srcset=\"https:\/\/elreporterohgo.com\/noticias\/wp-content\/uploads\/2022\/01\/dc56bc8b-2b09-4a00-af23-29795ecce1ca-2-1024x1021.jpg 1024w, https:\/\/elreporterohgo.com\/noticias\/wp-content\/uploads\/2022\/01\/dc56bc8b-2b09-4a00-af23-29795ecce1ca-2-150x150.jpg 150w, https:\/\/elreporterohgo.com\/noticias\/wp-content\/uploads\/2022\/01\/dc56bc8b-2b09-4a00-af23-29795ecce1ca-2-300x300.jpg 300w, https:\/\/elreporterohgo.com\/noticias\/wp-content\/uploads\/2022\/01\/dc56bc8b-2b09-4a00-af23-29795ecce1ca-2-768x765.jpg 768w, https:\/\/elreporterohgo.com\/noticias\/wp-content\/uploads\/2022\/01\/dc56bc8b-2b09-4a00-af23-29795ecce1ca-2-160x160.jpg 160w, https:\/\/elreporterohgo.com\/noticias\/wp-content\/uploads\/2022\/01\/dc56bc8b-2b09-4a00-af23-29795ecce1ca-2.jpg 1200w\" sizes=\"(max-width: 1024px) 100vw, 1024px\" \/><\/figure>\n\n\n\n<p>Durante\n36 a\u00f1os, desde el gobierno de Miguel de la Madrid hasta el de Pe\u00f1a Nieto, el\nprop\u00f3sito fue privatizar, especialmente los recursos energ\u00e9ticos y las empresas\ndel ramo, como Petr\u00f3leos Mexicanos (Pemex), la Comisi\u00f3n Federal de Electricidad\n(CFE) y la Compa\u00f1\u00eda de Luz y Fuerza del Centro (CLyFC), primero fomentando la\ncorrupci\u00f3n en su interior, despu\u00e9s debilit\u00e1ndolas econ\u00f3micamente,\nendeud\u00e1ndolas, dej\u00e1ndolas en el abandono, fragment\u00e1ndolas y arrebat\u00e1ndoles\nfacultades y funciones, hasta desapareci\u00e9ndolas, como fue el caso de la CLyFC\npor parte del gobierno panista de Felipe Calder\u00f3n Hinojosa.<\/p>\n\n\n\n<p>Afortunadamente,\na partir de la toma de posesi\u00f3n de Andr\u00e9s Manuel L\u00f3pez Obrador como presidente\nde la Rep\u00fablica, se fueron tomando medidas para el rescate del sector\nenerg\u00e9tico, de Pemex y de la CFE, limpi\u00e1ndolas de corrupci\u00f3n, fortaleciendo sus\nfinanzas, moderniz\u00e1ndolas y reestructur\u00e1ndolas, y revisando los contratos\nleoninos que a su costa y en su perjuicio, de la naci\u00f3n y del pueblo, se hab\u00edan\notorgado a empresas nacionales y extranjeras.<\/p>\n\n\n\n<p>El\npasado 30 de septiembre, el gobierno de la Cuarta Transformaci\u00f3n dio un paso\nm\u00e1s, uno muy importante y firme, en el rescate de la CFE, de nuestros recursos\ny soberan\u00eda energ\u00e9tica, al enviarse a la C\u00e1mara de Diputados por parte del\npresidente de la Rep\u00fablica una Iniciativa de Reforma El\u00e9ctrica a la que las\nfuerzas de izquierda, democr\u00e1ticas, progresistas y patri\u00f3ticas, incluido por\nsupuesto el Partido Popular Socialista-Agrupaci\u00f3n Pol\u00edtica Nacional Popular\nSocialista (PPS-APNPS), le damos la bienvenida, y nuestro total apoyo y\nrespaldo.<\/p>\n\n\n\n<p>La\nIniciativa enviada por el Poder Ejecutivo propone reformas a los art\u00edculos 25,\n27 y 28 constitucionales con los prop\u00f3sitos de recuperar nuestra soberan\u00eda en\nmateria el\u00e9ctrica, fortalecer la rector\u00eda del Estado en este ramo, prohibir\nnuevas concesiones en la explotaci\u00f3n de Litio, que el Estado sea el \u00fanico\nfacultado para explotar este mineral de gran importancia para la industria de\nlas nuevas tecnolog\u00edas y asegurar un suministro el\u00e9ctrico universal, de\ncalidad, suficiente y a precios accesibles para el pueblo mexicano, evitando la\nelevaci\u00f3n de sus costos, y con todo ello benefici\u00e1ndose tambi\u00e9n la industria\nnacional y nuestra econom\u00eda en general.<\/p>\n\n\n\n<p>Para\nel logro de estos objetivos se propone, entre otras cosas, que la CFE controle\nel 54 por ciento de la producci\u00f3n y el despacho de electricidad, dej\u00e1ndole el\n46 por ciento al sector privado. La CFE dejar\u00e1 de ser lo que los neoliberales\nllamaban \u201cEmpresa Productiva del Estado\u201d, encubriendo con este nombre pomposo\nla perversi\u00f3n de su esencia como empresa al servicio del pueblo y de la naci\u00f3n,\ny se le dotar\u00e1 de una nueva personalidad jur\u00eddica.<\/p>\n\n\n\n<h2 class=\"wp-block-heading\">Asimismo,\ndesaparecer\u00e1n los contratos de autoabastecimiento, y por lo tanto las cadenas\ncomerciales y las tiendas de autoservicio beneficiadas por estas sociedades\ndeber\u00e1n adquirir la energ\u00eda directamente a la CFE.<\/h2>\n\n\n\n<p>Ser\u00e1n\neliminadas igualmente la Comisi\u00f3n Reguladora de Energ\u00eda (CRE) y la Comisi\u00f3n\nNacional de Hidrocarburos (CNH), mientras que el Centro Nacional de Control de\nEnerg\u00eda (Cenace) pasar\u00e1 a formar parte de la CFE, que ser\u00e1 la encargada de la\ngeneraci\u00f3n, la distribuci\u00f3n y la administraci\u00f3n de la energ\u00eda el\u00e9ctrica.<\/p>\n\n\n\n<p>En\ncuanto al litio, la Iniciativa se\u00f1ala que se respetar\u00e1n las ocho concesiones\nhasta ahora existentes solo si est\u00e1n cumpliendo con los procesos de exploraci\u00f3n\ny explotaci\u00f3n, y no \u00fanicamente especulan con el mineral, aclarando que hasta el\nmomento solo una de dichas empresas cumple con estos requisitos. Precisa que no\nse otorgar\u00e1n m\u00e1s concesiones y que su explotaci\u00f3n y aprovechamiento ser\u00e1\nfacultad exclusiva del Estado.<\/p>\n\n\n\n<p>Para\nel PPS-APNPS, desde la creaci\u00f3n de la CFE en 1937, la de la CLyFC y la\nNacionalizaci\u00f3n de la Industria El\u00e9ctrica en 1960, logr\u00e1ndose la\nelectrificaci\u00f3n de todo el pa\u00eds y no solo las zonas donde las empresas particulares\nobten\u00edan ganancias, no se hab\u00eda dado un paso tan importante para el rescate de\nnuestra soberan\u00eda energ\u00e9tica como la Iniciativa de Reforma El\u00e9ctrica enviada\npor el presidente Andr\u00e9s Manuel L\u00f3pez Obrador a la C\u00e1mara de Diputados.<\/p>\n\n\n\n<p>Por\nlo tanto, llamamos a los legisladores federales a votar a favor de la misma y a\nlas fuerzas de izquierda, progresistas, democr\u00e1ticas y patri\u00f3ticas a formar un\ngran frente en apoyo a esta Iniciativa presidencial hasta lograr su aprobaci\u00f3n,\nas\u00ed como para continuar por el camino del fortalecimiento del Estado como\nrector de la econom\u00eda, de nuestro desarrollo econ\u00f3mico independiente, de la\nampliaci\u00f3n del r\u00e9gimen democr\u00e1tico y de la elevaci\u00f3n constante del nivel de\nvida de nuestro pueblo.<\/p>\n","protected":false},"excerpt":{"rendered":"<p>Durante 36 a\u00f1os, desde el gobierno de Miguel de la Madrid hasta el de Pe\u00f1a Nieto, el prop\u00f3sito fue privatizar, especialmente los recursos energ\u00e9ticos y las empresas del ramo, como Petr\u00f3leos Mexicanos (Pemex), la Comisi\u00f3n Federal de Electricidad (CFE) y la Compa\u00f1\u00eda de Luz y Fuerza del Centro (CLyFC), primero fomentando la corrupci\u00f3n en su<\/p>\n","protected":false},"author":2,"featured_media":45987,"comment_status":"open","ping_status":"closed","sticky":false,"template":"","format":"standard","meta":{"footnotes":""},"categories":[10],"tags":[],"class_list":{"0":"post-45986","1":"post","2":"type-post","3":"status-publish","4":"format-standard","5":"has-post-thumbnail","7":"category-hidalgo"},"_links":{"self":[{"href":"https:\/\/elreporterohgo.com\/noticias\/wp-json\/wp\/v2\/posts\/45986","targetHints":{"allow":["GET"]}}],"collection":[{"href":"https:\/\/elreporterohgo.com\/noticias\/wp-json\/wp\/v2\/posts"}],"about":[{"href":"https:\/\/elreporterohgo.com\/noticias\/wp-json\/wp\/v2\/types\/post"}],"author":[{"embeddable":true,"href":"https:\/\/elreporterohgo.com\/noticias\/wp-json\/wp\/v2\/users\/2"}],"replies":[{"embeddable":true,"href":"https:\/\/elreporterohgo.com\/noticias\/wp-json\/wp\/v2\/comments?post=45986"}],"version-history":[{"count":1,"href":"https:\/\/elreporterohgo.com\/noticias\/wp-json\/wp\/v2\/posts\/45986\/revisions"}],"predecessor-version":[{"id":45988,"href":"https:\/\/elreporterohgo.com\/noticias\/wp-json\/wp\/v2\/posts\/45986\/revisions\/45988"}],"wp:featuredmedia":[{"embeddable":true,"href":"https:\/\/elreporterohgo.com\/noticias\/wp-json\/wp\/v2\/media\/45987"}],"wp:attachment":[{"href":"https:\/\/elreporterohgo.com\/noticias\/wp-json\/wp\/v2\/media?parent=45986"}],"wp:term":[{"taxonomy":"category","embeddable":true,"href":"https:\/\/elreporterohgo.com\/noticias\/wp-json\/wp\/v2\/categories?post=45986"},{"taxonomy":"post_tag","embeddable":true,"href":"https:\/\/elreporterohgo.com\/noticias\/wp-json\/wp\/v2\/tags?post=45986"}],"curies":[{"name":"wp","href":"https:\/\/api.w.org\/{rel}","templated":true}]}}