{"id":45979,"date":"2022-01-27T23:42:26","date_gmt":"2022-01-28T05:42:26","guid":{"rendered":"https:\/\/elreporterohgo.com\/noticias\/?p=45979"},"modified":"2022-01-27T23:42:27","modified_gmt":"2022-01-28T05:42:27","slug":"reconocen-el-trabajo-de-empleados-municipales","status":"publish","type":"post","link":"https:\/\/elreporterohgo.com\/noticias\/2022\/01\/27\/reconocen-el-trabajo-de-empleados-municipales\/","title":{"rendered":"Reconocen el trabajo de empleados municipales"},"content":{"rendered":"\n<figure class=\"wp-block-image\"><img fetchpriority=\"high\" decoding=\"async\" width=\"1024\" height=\"703\" src=\"https::\/\/elreporterohgo.com\/noticias\/wp-content\/uploads\/2022\/01\/84535b6d-9747-45d6-86c1-d0bb39298da3-2-1024x703.jpg\" alt=\"\" class=\"wp-image-45980\" srcset=\"https:\/\/elreporterohgo.com\/noticias\/wp-content\/uploads\/2022\/01\/84535b6d-9747-45d6-86c1-d0bb39298da3-2-1024x703.jpg 1024w, https:\/\/elreporterohgo.com\/noticias\/wp-content\/uploads\/2022\/01\/84535b6d-9747-45d6-86c1-d0bb39298da3-2-300x206.jpg 300w, https:\/\/elreporterohgo.com\/noticias\/wp-content\/uploads\/2022\/01\/84535b6d-9747-45d6-86c1-d0bb39298da3-2-768x527.jpg 768w, https:\/\/elreporterohgo.com\/noticias\/wp-content\/uploads\/2022\/01\/84535b6d-9747-45d6-86c1-d0bb39298da3-2.jpg 1138w\" sizes=\"(max-width: 1024px) 100vw, 1024px\" \/><\/figure>\n\n\n\n<figure class=\"wp-block-image\"><img decoding=\"async\" width=\"1024\" height=\"704\" src=\"https::\/\/elreporterohgo.com\/noticias\/wp-content\/uploads\/2022\/01\/9b34ab81-f117-4277-ab84-aa400af01a59-1024x704.jpg\" alt=\"\" class=\"wp-image-45981\" srcset=\"https:\/\/elreporterohgo.com\/noticias\/wp-content\/uploads\/2022\/01\/9b34ab81-f117-4277-ab84-aa400af01a59-1024x704.jpg 1024w, https:\/\/elreporterohgo.com\/noticias\/wp-content\/uploads\/2022\/01\/9b34ab81-f117-4277-ab84-aa400af01a59-300x206.jpg 300w, https:\/\/elreporterohgo.com\/noticias\/wp-content\/uploads\/2022\/01\/9b34ab81-f117-4277-ab84-aa400af01a59-768x528.jpg 768w, https:\/\/elreporterohgo.com\/noticias\/wp-content\/uploads\/2022\/01\/9b34ab81-f117-4277-ab84-aa400af01a59.jpg 1280w\" sizes=\"(max-width: 1024px) 100vw, 1024px\" \/><\/figure>\n\n\n\n<p>En conferencia de especialistas<\/p>\n\n\n\n<p>Por Gerardo Sol<\/p>\n\n\n\n<p>ALMOLOYA, Hgo.- Durante fruct\u00edfera conferencia se realiz\u00f3 la\nentrega de merecidos reconocimientos a personas que presta sus servicios en la\nadministraci\u00f3n municipal.<\/p>\n\n\n\n<p>Ver\u00f3nica Salvado Anaya y Ernesto Hern\u00e1ndez \u00c1ngeles fueron los\nponentes en un curso b\u00e1sico sobre origen y el correcto actuar frente a los\nincendios forestales.<\/p>\n\n\n\n<p>Fueron un total de 17 reconocimientos para elementos de\nSeguridad P\u00fablica, Protecci\u00f3n Civil y los directores de Ecolog\u00eda y Desarrollo\nAgropecuario del municipio, mismos que estuvieron muy atentos al mensaje de los\nponentes.<\/p>\n\n\n\n<p>Margarita Ram\u00edrez Ben\u00edtez, Presidenta Municipal de Almoloya,\nen su mensaje dio a conocer que apoya la capacitaci\u00f3n en virtud que as\u00ed cuentan\ncon personal capacitado para atender las emergencias que se registren en todo\nel municipio y de esta forma proteger a la poblaci\u00f3n.<\/p>\n\n\n\n<p>La alcaldesa Ram\u00edrez Ben\u00edtez en compa\u00f1\u00eda de Antonio Ordaz Ram\u00edrez, S\u00edndico Municipal, la regidora Agustina Ram\u00edrez Cortes, comisionada de Seguridad p\u00fablica, tr\u00e1nsito y vialidad y Octavio Guti\u00e9rrez Miguel, director de Seguridad P\u00fablica, estuvieron en el pres\u00eddium.<\/p>\n\n\n\n<figure class=\"wp-block-image\"><img decoding=\"async\" width=\"1024\" height=\"538\" src=\"https::\/\/elreporterohgo.com\/noticias\/wp-content\/uploads\/2022\/01\/gob-1-4-1024x538.jpeg\" alt=\"\" class=\"wp-image-45982\" srcset=\"https:\/\/elreporterohgo.com\/noticias\/wp-content\/uploads\/2022\/01\/gob-1-4-1024x538.jpeg 1024w, https:\/\/elreporterohgo.com\/noticias\/wp-content\/uploads\/2022\/01\/gob-1-4-300x158.jpeg 300w, https:\/\/elreporterohgo.com\/noticias\/wp-content\/uploads\/2022\/01\/gob-1-4-768x403.jpeg 768w, https:\/\/elreporterohgo.com\/noticias\/wp-content\/uploads\/2022\/01\/gob-1-4.jpeg 1280w\" sizes=\"(max-width: 1024px) 100vw, 1024px\" \/><\/figure>\n\n\n\n<figure class=\"wp-block-image\"><img loading=\"lazy\" decoding=\"async\" width=\"1024\" height=\"765\" src=\"https::\/\/elreporterohgo.com\/noticias\/wp-content\/uploads\/2022\/01\/24875867-5e93-48fd-93a0-f6cfe1a64a37-2-1024x765.jpg\" alt=\"\" class=\"wp-image-45983\" srcset=\"https:\/\/elreporterohgo.com\/noticias\/wp-content\/uploads\/2022\/01\/24875867-5e93-48fd-93a0-f6cfe1a64a37-2-1024x765.jpg 1024w, https:\/\/elreporterohgo.com\/noticias\/wp-content\/uploads\/2022\/01\/24875867-5e93-48fd-93a0-f6cfe1a64a37-2-300x224.jpg 300w, https:\/\/elreporterohgo.com\/noticias\/wp-content\/uploads\/2022\/01\/24875867-5e93-48fd-93a0-f6cfe1a64a37-2-768x574.jpg 768w, https:\/\/elreporterohgo.com\/noticias\/wp-content\/uploads\/2022\/01\/24875867-5e93-48fd-93a0-f6cfe1a64a37-2.jpg 1109w\" sizes=\"(max-width: 1024px) 100vw, 1024px\" \/><\/figure>\n\n\n\n<figure class=\"wp-block-image\"><img loading=\"lazy\" decoding=\"async\" width=\"1024\" height=\"682\" src=\"https::\/\/elreporterohgo.com\/noticias\/wp-content\/uploads\/2022\/01\/02d6b470-4cd7-4b12-9d7c-997a71203393-1024x682.jpg\" alt=\"\" class=\"wp-image-45984\" srcset=\"https:\/\/elreporterohgo.com\/noticias\/wp-content\/uploads\/2022\/01\/02d6b470-4cd7-4b12-9d7c-997a71203393-1024x682.jpg 1024w, https:\/\/elreporterohgo.com\/noticias\/wp-content\/uploads\/2022\/01\/02d6b470-4cd7-4b12-9d7c-997a71203393-300x200.jpg 300w, https:\/\/elreporterohgo.com\/noticias\/wp-content\/uploads\/2022\/01\/02d6b470-4cd7-4b12-9d7c-997a71203393-768x512.jpg 768w, https:\/\/elreporterohgo.com\/noticias\/wp-content\/uploads\/2022\/01\/02d6b470-4cd7-4b12-9d7c-997a71203393.jpg 1280w\" sizes=\"(max-width: 1024px) 100vw, 1024px\" \/><\/figure>\n","protected":false},"excerpt":{"rendered":"<p>En conferencia de especialistas Por Gerardo Sol ALMOLOYA, Hgo.- Durante fruct\u00edfera conferencia se realiz\u00f3 la entrega de merecidos reconocimientos a personas que presta sus servicios en la administraci\u00f3n municipal. Ver\u00f3nica Salvado Anaya y Ernesto Hern\u00e1ndez \u00c1ngeles fueron los ponentes en un curso b\u00e1sico sobre origen y el correcto actuar frente a los incendios forestales. Fueron<\/p>\n","protected":false},"author":2,"featured_media":45980,"comment_status":"open","ping_status":"closed","sticky":false,"template":"","format":"standard","meta":{"footnotes":""},"categories":[10],"tags":[],"class_list":{"0":"post-45979","1":"post","2":"type-post","3":"status-publish","4":"format-standard","5":"has-post-thumbnail","7":"category-hidalgo"},"_links":{"self":[{"href":"https:\/\/elreporterohgo.com\/noticias\/wp-json\/wp\/v2\/posts\/45979","targetHints":{"allow":["GET"]}}],"collection":[{"href":"https:\/\/elreporterohgo.com\/noticias\/wp-json\/wp\/v2\/posts"}],"about":[{"href":"https:\/\/elreporterohgo.com\/noticias\/wp-json\/wp\/v2\/types\/post"}],"author":[{"embeddable":true,"href":"https:\/\/elreporterohgo.com\/noticias\/wp-json\/wp\/v2\/users\/2"}],"replies":[{"embeddable":true,"href":"https:\/\/elreporterohgo.com\/noticias\/wp-json\/wp\/v2\/comments?post=45979"}],"version-history":[{"count":1,"href":"https:\/\/elreporterohgo.com\/noticias\/wp-json\/wp\/v2\/posts\/45979\/revisions"}],"predecessor-version":[{"id":45985,"href":"https:\/\/elreporterohgo.com\/noticias\/wp-json\/wp\/v2\/posts\/45979\/revisions\/45985"}],"wp:featuredmedia":[{"embeddable":true,"href":"https:\/\/elreporterohgo.com\/noticias\/wp-json\/wp\/v2\/media\/45980"}],"wp:attachment":[{"href":"https:\/\/elreporterohgo.com\/noticias\/wp-json\/wp\/v2\/media?parent=45979"}],"wp:term":[{"taxonomy":"category","embeddable":true,"href":"https:\/\/elreporterohgo.com\/noticias\/wp-json\/wp\/v2\/categories?post=45979"},{"taxonomy":"post_tag","embeddable":true,"href":"https:\/\/elreporterohgo.com\/noticias\/wp-json\/wp\/v2\/tags?post=45979"}],"curies":[{"name":"wp","href":"https:\/\/api.w.org\/{rel}","templated":true}]}}