{"id":45963,"date":"2022-01-27T18:35:42","date_gmt":"2022-01-28T00:35:42","guid":{"rendered":"https:\/\/elreporterohgo.com\/noticias\/?p=45963"},"modified":"2022-01-27T22:55:43","modified_gmt":"2022-01-28T04:55:43","slug":"campana-de-reciclado-de-unicel","status":"publish","type":"post","link":"https:\/\/elreporterohgo.com\/noticias\/2022\/01\/27\/campana-de-reciclado-de-unicel\/","title":{"rendered":"Campa\u00f1a de reciclado de unicel"},"content":{"rendered":"\n<figure class=\"wp-block-image\"><img fetchpriority=\"high\" decoding=\"async\" width=\"512\" height=\"341\" src=\"https::\/\/elreporterohgo.com\/noticias\/wp-content\/uploads\/2022\/01\/Tazones-1.jpeg\" alt=\"\" class=\"wp-image-45964\" srcset=\"https:\/\/elreporterohgo.com\/noticias\/wp-content\/uploads\/2022\/01\/Tazones-1.jpeg 512w, https:\/\/elreporterohgo.com\/noticias\/wp-content\/uploads\/2022\/01\/Tazones-1-300x200.jpeg 300w\" sizes=\"(max-width: 512px) 100vw, 512px\" \/><\/figure>\n\n\n\n<p><strong>Pachuca de\nSoto, Hidalgo, 27 de enero de 2021.<\/strong>\nDebido al confinamiento, ocasionado por las olas de Covid-19, el uso de\nmateriales de desechables ha incrementado, en particular el unicel, su\nproducci\u00f3n y utilizaci\u00f3n se ha incrementado significativamente, por ello el\nGobierno Municipal de Pachuca de Soto, a cargo del C. Sergio Ba\u00f1os Rubio, en\nconjunto con la iniciativa Recicla Unicel, iniciaron la campa\u00f1a de acopio <strong>\u201cPachuca avanza, reciclando unicel\u201d<\/strong>.<\/p>\n\n\n\n<p>Esta\ncampa\u00f1a busca recuperar los residuos de unicel que genera la poblaci\u00f3n para ser\nreintegrados a la cadena de valor productiva, a trav\u00e9s de su reciclaje, pero va\nm\u00e1s all\u00e1, tambi\u00e9n busca educar a la ciudadan\u00eda sobre la importancia que implica\nque cada persona asuma su responsabilidad en los residuos que genera y c\u00f3mo\nestos pueden ser valorizados y transformarse en nuevos productos.<\/p>\n\n\n\n<p>La\ncampa\u00f1a de acopio inici\u00f3 este 27 de enero del presente a\u00f1o, el anunci\u00f3 se\nrealiz\u00f3 a trav\u00e9s del LIVE (Instagram) \u201cPachuca Avanza: Separando y Valorizando\nResiduos\u201d, en el que participo Beatriz Adriana Cruz G\u00f3mez, titular de la\nSecretar\u00eda de Medio Ambiente y Desarrollo Sustentable del Municipio de Pachuca\nde Soto y Gerardo Pedra Rocha, vocero de la iniciativa Recicla Unicel.<\/p>\n\n\n\n<p>\u201cAcciones\ncomo estas benefician a toda la poblaci\u00f3n de Pachuca, pues adem\u00e1s de lograr un\nimpacto ambiental positivo, al recuperar residuos que de otra forma terminar\u00edan\nen un tiradero, tambi\u00e9n educamos a la poblaci\u00f3n sobre c\u00f3mo puede transformar su\nmentalidad y asumir un verdadero compromiso a favor del ambiente. Nos sentimos\nmuy orgullosos de ser el primer municipio en el pa\u00eds de asumir un compromiso\npor la educaci\u00f3n, por generar campa\u00f1as que trasciendan, impacten y se\ntransformen en un beneficio com\u00fan\u201d se\u00f1al\u00f3 la secretaria del Medio Ambiente y\nDesarrollo Sustentable, Beatriz Adriana Cruz G\u00f3mez.<\/p>\n\n\n\n<p>El\nunicel es un material totalmente reciclable, mediante procesos de\ntransformaci\u00f3n y reutilizaci\u00f3n puede volver a ser \u00fatil en distintas industrias.\nSu reincorporaci\u00f3n a la cadena productiva permite que se genere una verdadera\neconom\u00eda circular. El unicel que se acopie en Pachuca ser\u00e1 reciclado y\ntransformado en marcos para fotograf\u00edas, a trav\u00e9s de la empresa Marcos &amp;\nMarcos ubicada en Tultitl\u00e1n, Estado de M\u00e9xico.<\/p>\n\n\n\n<p>\u201cRecicla\nUnicel es una iniciativa que desde hace m\u00e1s de once a\u00f1os ha buscado educar,\ninformar y capacitar sobre el reciclaje de unicel y el migrar hacia un modelo\nde econom\u00eda circular, hemos creado alianzas con productores, transformadores,\nempresas de consumo y, ahora, nos sentimos muy orgullosos de lograr esta\nalianza de colaboraci\u00f3n con el Gobierno Municipal de Pachuca\u201d, dijo Gerardo\nPedra Rocha, vocero de la iniciativa Recicla Unicel.<\/p>\n\n\n\n<p>Como\nparte de la campa\u00f1a <strong>\u201cPachuca avanza,\nreciclando unicel\u201d<\/strong> se llevar\u00e1 a cabo una jornada educativa el pr\u00f3ximo 19 de\nmarzo en las instalaciones del Bioparque de Convivencia, ubicadas en Av. Ju\u00e1rez\nS\/N, Col. Maestranza. En este evento se continuar\u00e1 acopiando residuos de\nunicel, se impartir\u00e1n pl\u00e1ticas sobre su proceso de reciclaje y se instalar\u00e1 una\nactividad interactiva para atestiguar la transformaci\u00f3n de este material en\nmarcos de fotograf\u00eda.<\/p>\n\n\n\n<p>Para el acopio de unicel se instalar\u00e1 un contenedor en las oficinas de la Secretar\u00eda de Medio Ambiente y Desarrollo Sustentable, ubicadas al interior del Bioparque de Convivencia, el cual estar\u00e1 de manera indefinida para que toda la poblaci\u00f3n del municipio lleve sus residuos. Es importante que los productos que se lleven est\u00e9n limpios de cualquier desecho alimenticio o h\u00famedos para evitar la proliferaci\u00f3n de fauna nociva.<\/p>\n\n\n\n<figure class=\"wp-block-image\"><img decoding=\"async\" width=\"1024\" height=\"538\" src=\"https::\/\/elreporterohgo.com\/noticias\/wp-content\/uploads\/2022\/01\/gob-1-1-1024x538.jpeg\" alt=\"\" class=\"wp-image-45968\" srcset=\"https:\/\/elreporterohgo.com\/noticias\/wp-content\/uploads\/2022\/01\/gob-1-1-1024x538.jpeg 1024w, https:\/\/elreporterohgo.com\/noticias\/wp-content\/uploads\/2022\/01\/gob-1-1-300x158.jpeg 300w, https:\/\/elreporterohgo.com\/noticias\/wp-content\/uploads\/2022\/01\/gob-1-1-768x403.jpeg 768w, https:\/\/elreporterohgo.com\/noticias\/wp-content\/uploads\/2022\/01\/gob-1-1.jpeg 1280w\" sizes=\"(max-width: 1024px) 100vw, 1024px\" \/><\/figure>\n\n\n\n<p><strong>Acerca de recicla unicel:<\/strong><\/p>\n\n\n\n<p>Somos una iniciativa mexicana comprometida con\nel cuidado del medio ambiente, as\u00ed como la educaci\u00f3n en torno a la cultura del\nreciclaje de unicel. El Poliestireno Expandido es un material compuesto de 95%\naire y 5% materia prima, este pl\u00e1stico ofrece innumerables alternativas de\nre\u00faso, convirti\u00e9ndolos en nuevos productos \u00fatiles para nuestra vida diaria,\ncomo son: macetas, carcasas de tel\u00e9fonos, llaveros, reglas, teclados, estuches,\nsuelas de zapatos y tacones, marcos para fotos y molduras.<\/p>\n\n\n\n<p>Para\nm\u00e1s informaci\u00f3n visita: <a href=\"https::\/\/www.reciclaunicel.com.mx\">www.reciclaunicel.com.mx<\/a>\ny s\u00edguenos en nuestras redes sociales.<\/p>\n","protected":false},"excerpt":{"rendered":"<p>Pachuca de Soto, Hidalgo, 27 de enero de 2021. Debido al confinamiento, ocasionado por las olas de Covid-19, el uso de materiales de desechables ha incrementado, en particular el unicel, su producci\u00f3n y utilizaci\u00f3n se ha incrementado significativamente, por ello el Gobierno Municipal de Pachuca de Soto, a cargo del C. Sergio Ba\u00f1os Rubio, en<\/p>\n","protected":false},"author":2,"featured_media":45964,"comment_status":"open","ping_status":"closed","sticky":false,"template":"","format":"standard","meta":{"footnotes":""},"categories":[10],"tags":[],"class_list":{"0":"post-45963","1":"post","2":"type-post","3":"status-publish","4":"format-standard","5":"has-post-thumbnail","7":"category-hidalgo"},"_links":{"self":[{"href":"https:\/\/elreporterohgo.com\/noticias\/wp-json\/wp\/v2\/posts\/45963","targetHints":{"allow":["GET"]}}],"collection":[{"href":"https:\/\/elreporterohgo.com\/noticias\/wp-json\/wp\/v2\/posts"}],"about":[{"href":"https:\/\/elreporterohgo.com\/noticias\/wp-json\/wp\/v2\/types\/post"}],"author":[{"embeddable":true,"href":"https:\/\/elreporterohgo.com\/noticias\/wp-json\/wp\/v2\/users\/2"}],"replies":[{"embeddable":true,"href":"https:\/\/elreporterohgo.com\/noticias\/wp-json\/wp\/v2\/comments?post=45963"}],"version-history":[{"count":2,"href":"https:\/\/elreporterohgo.com\/noticias\/wp-json\/wp\/v2\/posts\/45963\/revisions"}],"predecessor-version":[{"id":45969,"href":"https:\/\/elreporterohgo.com\/noticias\/wp-json\/wp\/v2\/posts\/45963\/revisions\/45969"}],"wp:featuredmedia":[{"embeddable":true,"href":"https:\/\/elreporterohgo.com\/noticias\/wp-json\/wp\/v2\/media\/45964"}],"wp:attachment":[{"href":"https:\/\/elreporterohgo.com\/noticias\/wp-json\/wp\/v2\/media?parent=45963"}],"wp:term":[{"taxonomy":"category","embeddable":true,"href":"https:\/\/elreporterohgo.com\/noticias\/wp-json\/wp\/v2\/categories?post=45963"},{"taxonomy":"post_tag","embeddable":true,"href":"https:\/\/elreporterohgo.com\/noticias\/wp-json\/wp\/v2\/tags?post=45963"}],"curies":[{"name":"wp","href":"https:\/\/api.w.org\/{rel}","templated":true}]}}