{"id":45938,"date":"2022-01-27T17:46:37","date_gmt":"2022-01-27T23:46:37","guid":{"rendered":"https:\/\/elreporterohgo.com\/noticias\/?p=45938"},"modified":"2022-01-27T17:49:56","modified_gmt":"2022-01-27T23:49:56","slug":"indignados-vecinos-bloquearon-carretera-por-falta-de-agua","status":"publish","type":"post","link":"https:\/\/elreporterohgo.com\/noticias\/2022\/01\/27\/indignados-vecinos-bloquearon-carretera-por-falta-de-agua\/","title":{"rendered":"Indignados vecinos bloquearon carretera por falta de agua"},"content":{"rendered":"\n<figure class=\"wp-block-image\"><img fetchpriority=\"high\" decoding=\"async\" width=\"1009\" height=\"720\" src=\"https::\/\/elreporterohgo.com\/noticias\/wp-content\/uploads\/2022\/01\/0c03fc3a-7d9e-4720-90f5-cc59a122ce58.jpg\" alt=\"\" class=\"wp-image-45949\" srcset=\"https:\/\/elreporterohgo.com\/noticias\/wp-content\/uploads\/2022\/01\/0c03fc3a-7d9e-4720-90f5-cc59a122ce58.jpg 1009w, https:\/\/elreporterohgo.com\/noticias\/wp-content\/uploads\/2022\/01\/0c03fc3a-7d9e-4720-90f5-cc59a122ce58-300x214.jpg 300w, https:\/\/elreporterohgo.com\/noticias\/wp-content\/uploads\/2022\/01\/0c03fc3a-7d9e-4720-90f5-cc59a122ce58-768x548.jpg 768w\" sizes=\"(max-width: 1009px) 100vw, 1009px\" \/><\/figure>\n\n\n\n<figure class=\"wp-block-image\"><img decoding=\"async\" width=\"960\" height=\"720\" src=\"https::\/\/elreporterohgo.com\/noticias\/wp-content\/uploads\/2022\/01\/8b8e87f0-19b8-4a25-a767-8ab819d2d96a.jpg\" alt=\"\" class=\"wp-image-45950\" srcset=\"https:\/\/elreporterohgo.com\/noticias\/wp-content\/uploads\/2022\/01\/8b8e87f0-19b8-4a25-a767-8ab819d2d96a.jpg 960w, https:\/\/elreporterohgo.com\/noticias\/wp-content\/uploads\/2022\/01\/8b8e87f0-19b8-4a25-a767-8ab819d2d96a-300x225.jpg 300w, https:\/\/elreporterohgo.com\/noticias\/wp-content\/uploads\/2022\/01\/8b8e87f0-19b8-4a25-a767-8ab819d2d96a-768x576.jpg 768w\" sizes=\"(max-width: 960px) 100vw, 960px\" \/><\/figure>\n\n\n\n<figure class=\"wp-block-image\"><img decoding=\"async\" width=\"1024\" height=\"538\" src=\"https::\/\/elreporterohgo.com\/noticias\/wp-content\/uploads\/2022\/01\/gob-1-1024x538.jpeg\" alt=\"\" class=\"wp-image-45951\" srcset=\"https:\/\/elreporterohgo.com\/noticias\/wp-content\/uploads\/2022\/01\/gob-1-1024x538.jpeg 1024w, https:\/\/elreporterohgo.com\/noticias\/wp-content\/uploads\/2022\/01\/gob-1-300x158.jpeg 300w, https:\/\/elreporterohgo.com\/noticias\/wp-content\/uploads\/2022\/01\/gob-1-768x403.jpeg 768w, https:\/\/elreporterohgo.com\/noticias\/wp-content\/uploads\/2022\/01\/gob-1.jpeg 1280w\" sizes=\"(max-width: 1024px) 100vw, 1024px\" \/><\/figure>\n\n\n\n<p>Sa\u00fal Garc\u00eda Ordo\u00f1ez incapaz de atender a su pueblo<\/p>\n\n\n\n<p>Por Juan Sabino Cruz<\/p>\n\n\n\n<p>Tlanalapa, Hgo.- Nutrido grupo de indignados vecinos por la falta de agua potable e ineficiencia de las autoridades municipales, el d\u00eda de hoy, se manifestaron y bloquearon la carretera Tlanalapa-Ciudad Sahag\u00fan para exigir l\u00edquido que desde hace tres semanas no llega a sus hogares.<\/p>\n\n\n\n<p><a href=\"https:s:\/\/www.facebook.com\/juansabino.cruzpelcastre\/videos\/273895641534601\">https:s:\/\/www.facebook.com\/juansabino.cruzpelcastre\/videos\/273895641534601<\/a><\/p>\n\n\n\n<p>Los habitantes de la colonia Alfredo B; Bonfil, de 10 a 16\nhoras de hoy, realizaron su manifestaci\u00f3n y exig\u00edan la presencia del Presidente\nMunicipal, Sa\u00fal Garc\u00eda, sin embargo, este parece que por miedo se abstuvo de\npresentarse y mando a su directora de Obras P\u00fablicas y encargada del Sistema de\nAgua Potable.<\/p>\n\n\n\n<p>Los m\u00e1s de cien afectados fortalecieron su manifestaci\u00f3n con\nel bloqueo de la carretera y, aparte de los funcionarios municipales, lleg\u00f3 en\nabogador Jacobo Flores, director Regional de gobernaci\u00f3n.<\/p>\n\n\n\n<p>Los vecinos expusieron que tienen tres semanas sin agua\npotable, agregaron que el alcalde ha tolerado que due\u00f1os de pipas cobren 100\npesos por llenar un tinaco, sin duda, negociazo para el Ayuntamiento y los\ncomerciantes que lucran con el agua.<\/p>\n\n\n\n<p>Algunos de los afectados refieren que lleg\u00f3 un recurso al municipio de Tlanalapa, la administraci\u00f3n municipal sin capacidad mal invirti\u00f3 el dinero, abri\u00f3 la red general, conecto tubos para abastecer a personas solventes para que tengan agua diario.<\/p>\n\n\n\n<figure class=\"wp-block-image\"><img loading=\"lazy\" decoding=\"async\" width=\"768\" height=\"1024\" src=\"https::\/\/elreporterohgo.com\/noticias\/wp-content\/uploads\/2022\/01\/da1cda5c-5c6a-4bae-b868-15aa0b27478c-768x1024.jpg\" alt=\"\" class=\"wp-image-45952\" srcset=\"https:\/\/elreporterohgo.com\/noticias\/wp-content\/uploads\/2022\/01\/da1cda5c-5c6a-4bae-b868-15aa0b27478c-768x1024.jpg 768w, https:\/\/elreporterohgo.com\/noticias\/wp-content\/uploads\/2022\/01\/da1cda5c-5c6a-4bae-b868-15aa0b27478c-225x300.jpg 225w, https:\/\/elreporterohgo.com\/noticias\/wp-content\/uploads\/2022\/01\/da1cda5c-5c6a-4bae-b868-15aa0b27478c.jpg 780w\" sizes=\"(max-width: 768px) 100vw, 768px\" \/><figcaption>Tomas irregulares para abastecer a gente con solvencia econ\u00f3mica.<\/figcaption><\/figure>\n\n\n\n<p>Ante tantas irregularidades de la administraci\u00f3n municipal\nel resultado es una aguda escasez.<\/p>\n\n\n\n<p>Afirmaron que juntaron firmas y en un documento se estableci\u00f3 que el pr\u00f3ximo lunes tendr\u00e1n un resultado favorable y la regularizaci\u00f3n del servicio, pues en caso contrario ahora bloquearan la carretera federal Ciudad Sahag\u00fan-Pachuca, pues no pueden tolerar tanta ineficiencia.<\/p>\n\n\n\n<figure class=\"wp-block-image\"><img loading=\"lazy\" decoding=\"async\" width=\"960\" height=\"720\" src=\"https::\/\/elreporterohgo.com\/noticias\/wp-content\/uploads\/2022\/01\/49b4d243-e5ec-4c7a-bf7a-aa30b5fd96ee.jpg\" alt=\"\" class=\"wp-image-45953\" srcset=\"https:\/\/elreporterohgo.com\/noticias\/wp-content\/uploads\/2022\/01\/49b4d243-e5ec-4c7a-bf7a-aa30b5fd96ee.jpg 960w, https:\/\/elreporterohgo.com\/noticias\/wp-content\/uploads\/2022\/01\/49b4d243-e5ec-4c7a-bf7a-aa30b5fd96ee-300x225.jpg 300w, https:\/\/elreporterohgo.com\/noticias\/wp-content\/uploads\/2022\/01\/49b4d243-e5ec-4c7a-bf7a-aa30b5fd96ee-768x576.jpg 768w\" sizes=\"(max-width: 960px) 100vw, 960px\" \/><\/figure>\n","protected":false},"excerpt":{"rendered":"<p>Sa\u00fal Garc\u00eda Ordo\u00f1ez incapaz de atender a su pueblo Por Juan Sabino Cruz Tlanalapa, Hgo.- Nutrido grupo de indignados vecinos por la falta de agua potable e ineficiencia de las autoridades municipales, el d\u00eda de hoy, se manifestaron y bloquearon la carretera Tlanalapa-Ciudad Sahag\u00fan para exigir l\u00edquido que desde hace tres semanas no llega a<\/p>\n","protected":false},"author":2,"featured_media":45950,"comment_status":"open","ping_status":"closed","sticky":false,"template":"","format":"standard","meta":{"footnotes":""},"categories":[10],"tags":[],"class_list":{"0":"post-45938","1":"post","2":"type-post","3":"status-publish","4":"format-standard","5":"has-post-thumbnail","7":"category-hidalgo"},"_links":{"self":[{"href":"https:\/\/elreporterohgo.com\/noticias\/wp-json\/wp\/v2\/posts\/45938","targetHints":{"allow":["GET"]}}],"collection":[{"href":"https:\/\/elreporterohgo.com\/noticias\/wp-json\/wp\/v2\/posts"}],"about":[{"href":"https:\/\/elreporterohgo.com\/noticias\/wp-json\/wp\/v2\/types\/post"}],"author":[{"embeddable":true,"href":"https:\/\/elreporterohgo.com\/noticias\/wp-json\/wp\/v2\/users\/2"}],"replies":[{"embeddable":true,"href":"https:\/\/elreporterohgo.com\/noticias\/wp-json\/wp\/v2\/comments?post=45938"}],"version-history":[{"count":2,"href":"https:\/\/elreporterohgo.com\/noticias\/wp-json\/wp\/v2\/posts\/45938\/revisions"}],"predecessor-version":[{"id":45956,"href":"https:\/\/elreporterohgo.com\/noticias\/wp-json\/wp\/v2\/posts\/45938\/revisions\/45956"}],"wp:featuredmedia":[{"embeddable":true,"href":"https:\/\/elreporterohgo.com\/noticias\/wp-json\/wp\/v2\/media\/45950"}],"wp:attachment":[{"href":"https:\/\/elreporterohgo.com\/noticias\/wp-json\/wp\/v2\/media?parent=45938"}],"wp:term":[{"taxonomy":"category","embeddable":true,"href":"https:\/\/elreporterohgo.com\/noticias\/wp-json\/wp\/v2\/categories?post=45938"},{"taxonomy":"post_tag","embeddable":true,"href":"https:\/\/elreporterohgo.com\/noticias\/wp-json\/wp\/v2\/tags?post=45938"}],"curies":[{"name":"wp","href":"https:\/\/api.w.org\/{rel}","templated":true}]}}