{"id":45931,"date":"2022-01-27T11:05:36","date_gmt":"2022-01-27T17:05:36","guid":{"rendered":"https:\/\/elreporterohgo.com\/noticias\/?p=45931"},"modified":"2022-01-27T11:05:37","modified_gmt":"2022-01-27T17:05:37","slug":"acciones-para-prevenir-el-delito-y-estimular-las-denuncias","status":"publish","type":"post","link":"https:\/\/elreporterohgo.com\/noticias\/2022\/01\/27\/acciones-para-prevenir-el-delito-y-estimular-las-denuncias\/","title":{"rendered":"Acciones para prevenir el delito y estimular las denuncias"},"content":{"rendered":"\n<figure class=\"wp-block-image\"><img fetchpriority=\"high\" decoding=\"async\" width=\"1024\" height=\"768\" src=\"https::\/\/elreporterohgo.com\/noticias\/wp-content\/uploads\/2022\/01\/65c63c95-7310-4bd8-b269-02464197e593-1024x768.jpg\" alt=\"\" class=\"wp-image-45932\" srcset=\"https:\/\/elreporterohgo.com\/noticias\/wp-content\/uploads\/2022\/01\/65c63c95-7310-4bd8-b269-02464197e593.jpg 1024w, https:\/\/elreporterohgo.com\/noticias\/wp-content\/uploads\/2022\/01\/65c63c95-7310-4bd8-b269-02464197e593-300x225.jpg 300w, https:\/\/elreporterohgo.com\/noticias\/wp-content\/uploads\/2022\/01\/65c63c95-7310-4bd8-b269-02464197e593-768x576.jpg 768w\" sizes=\"(max-width: 1024px) 100vw, 1024px\" \/><\/figure>\n\n\n\n<p>PACHUCA, Hgo.-\nCon el prop\u00f3sito de generar y fortalecer v\u00ednculos de colaboraci\u00f3n mediante acciones\nde proximidad social, mandos operativos de la Secretar\u00eda de Seguridad P\u00fablica\nde Hidalgo se reunieron con representantes de fraccionamientos de la zona\nmetropolitana de Pachuca.<\/p>\n\n\n\n<p>Uriel Moreno\nCastro, comisario general de la Agencia de Seguridad Estatal, acompa\u00f1ado de los\ncoordinadores regionales Miguel Espejel Huerta y Jos\u00e9 Mu\u00f1oz Palacios,\ndialogaron con los colonos que expusieron sus necesidades e inquietudes ante el\nfen\u00f3meno delictivo.<\/p>\n\n\n\n<p>Mediante\nintercambio de informaci\u00f3n y la implementaci\u00f3n de medidas complementarias para\nla prevenci\u00f3n y combate a actividades antisociales, la Polic\u00eda Estatal busca\nmotivar la cultura de la denuncia y la participaci\u00f3n ciudadana.<\/p>\n\n\n\n<p>Emergencias\n911 | Denuncia An\u00f3nima 089 | #HidalgoSeguro<\/p>\n","protected":false},"excerpt":{"rendered":"<p>PACHUCA, Hgo.- Con el prop\u00f3sito de generar y fortalecer v\u00ednculos de colaboraci\u00f3n mediante acciones de proximidad social, mandos operativos de la Secretar\u00eda de Seguridad P\u00fablica de Hidalgo se reunieron con representantes de fraccionamientos de la zona metropolitana de Pachuca. Uriel Moreno Castro, comisario general de la Agencia de Seguridad Estatal, acompa\u00f1ado de los coordinadores regionales<\/p>\n","protected":false},"author":2,"featured_media":45932,"comment_status":"open","ping_status":"closed","sticky":false,"template":"","format":"standard","meta":{"footnotes":""},"categories":[10],"tags":[],"class_list":{"0":"post-45931","1":"post","2":"type-post","3":"status-publish","4":"format-standard","5":"has-post-thumbnail","7":"category-hidalgo"},"_links":{"self":[{"href":"https:\/\/elreporterohgo.com\/noticias\/wp-json\/wp\/v2\/posts\/45931","targetHints":{"allow":["GET"]}}],"collection":[{"href":"https:\/\/elreporterohgo.com\/noticias\/wp-json\/wp\/v2\/posts"}],"about":[{"href":"https:\/\/elreporterohgo.com\/noticias\/wp-json\/wp\/v2\/types\/post"}],"author":[{"embeddable":true,"href":"https:\/\/elreporterohgo.com\/noticias\/wp-json\/wp\/v2\/users\/2"}],"replies":[{"embeddable":true,"href":"https:\/\/elreporterohgo.com\/noticias\/wp-json\/wp\/v2\/comments?post=45931"}],"version-history":[{"count":1,"href":"https:\/\/elreporterohgo.com\/noticias\/wp-json\/wp\/v2\/posts\/45931\/revisions"}],"predecessor-version":[{"id":45933,"href":"https:\/\/elreporterohgo.com\/noticias\/wp-json\/wp\/v2\/posts\/45931\/revisions\/45933"}],"wp:featuredmedia":[{"embeddable":true,"href":"https:\/\/elreporterohgo.com\/noticias\/wp-json\/wp\/v2\/media\/45932"}],"wp:attachment":[{"href":"https:\/\/elreporterohgo.com\/noticias\/wp-json\/wp\/v2\/media?parent=45931"}],"wp:term":[{"taxonomy":"category","embeddable":true,"href":"https:\/\/elreporterohgo.com\/noticias\/wp-json\/wp\/v2\/categories?post=45931"},{"taxonomy":"post_tag","embeddable":true,"href":"https:\/\/elreporterohgo.com\/noticias\/wp-json\/wp\/v2\/tags?post=45931"}],"curies":[{"name":"wp","href":"https:\/\/api.w.org\/{rel}","templated":true}]}}