{"id":45916,"date":"2022-01-26T23:49:24","date_gmt":"2022-01-27T05:49:24","guid":{"rendered":"https:\/\/elreporterohgo.com\/noticias\/?p=45916"},"modified":"2022-01-26T23:52:32","modified_gmt":"2022-01-27T05:52:32","slug":"sigue-el-acopio-de-arboles-navodenos-en-parque-ecologico-cubitos","status":"publish","type":"post","link":"https:\/\/elreporterohgo.com\/noticias\/2022\/01\/26\/sigue-el-acopio-de-arboles-navodenos-en-parque-ecologico-cubitos\/","title":{"rendered":"Sigue el acopio de arboles navide\u00f1os en Parque Ecol\u00f3gico Cubitos"},"content":{"rendered":"\n<figure class=\"wp-block-image\"><img fetchpriority=\"high\" decoding=\"async\" width=\"692\" height=\"560\" src=\"https::\/\/elreporterohgo.com\/noticias\/wp-content\/uploads\/2022\/01\/aaer-2.jpg\" alt=\"\" class=\"wp-image-45917\" srcset=\"https:\/\/elreporterohgo.com\/noticias\/wp-content\/uploads\/2022\/01\/aaer-2.jpg 692w, https:\/\/elreporterohgo.com\/noticias\/wp-content\/uploads\/2022\/01\/aaer-2-300x243.jpg 300w\" sizes=\"(max-width: 692px) 100vw, 692px\" \/><\/figure>\n\n\n\n<p>Pachuca, Hgo.- Con el\nobjetivo de sumar a las familias hidalguenses a las acciones en el marco de la\nAgenda Verde que impulsa el Gobernador Omar Fayad, la Secretar\u00eda de Medio\nAmbiente y Recursos Naturales de Hidalgo (SEMARNATH) en coordinaci\u00f3n con el\nayuntamiento de Pachuca, contin\u00faa con la campa\u00f1a de acopio de \u00e1rboles\nnavide\u00f1os.<\/p>\n\n\n\n<p>A trav\u00e9s de esta\nestrategia, ser\u00e1 posible brindar un destino adecuado a los \u00e1rboles navide\u00f1os\nque vistieron los hogares en las fiestas decembrinas, pues estos pasar\u00e1n por un\nproceso de trituraci\u00f3n y ser\u00e1n convertidos en composta para ser reintegrados a\nla naturaleza.<\/p>\n\n\n\n<p>Los interesados pueden\nacudir a las instalaciones del Parque Ecol\u00f3gico Cubitos en la calle Vicente\nSegura #100, colonia Adolfo L\u00f3pez Mateos, en Pachuca, en un horario de lunes a viernes\nde 8:30 a 16:30 horas y los fines de semana de 10:00 14:00 horas.<\/p>\n\n\n\n<p>As\u00ed mismo, el\nayuntamiento de Pachuca habilit\u00f3 puntos de acopio en el Bioparque de\nConvivencia, la Unidad Deportiva de Piracantos, la Unidad Deportiva municipal,\nla Secretar\u00eda de Servicios P\u00fablicos Municipales y el Pante\u00f3n Municipal de lunes\na viernes en un horario de 8:30 a 16:30 horas.<\/p>\n\n\n\n<p>Durante el presente a\u00f1o\nse han acopiado 61 \u00e1rboles en la sede del Parque Ecol\u00f3gico Cubitos y se espera\naumentar la cifra hasta el cierre de la campa\u00f1a que ser\u00e1 el 28 de febrero del\npresente a\u00f1o.<\/p>\n\n\n\n<p>Dicha iniciativa es\ntotalmente gratuita y los \u00fanicos requisitos son acudir con todas las medidas\nsanitarias y llevar los \u00e1rboles sin alg\u00fan tipo de decoraci\u00f3n.<\/p>\n","protected":false},"excerpt":{"rendered":"<p>Pachuca, Hgo.- Con el objetivo de sumar a las familias hidalguenses a las acciones en el marco de la Agenda Verde que impulsa el Gobernador Omar Fayad, la Secretar\u00eda de Medio Ambiente y Recursos Naturales de Hidalgo (SEMARNATH) en coordinaci\u00f3n con el ayuntamiento de Pachuca, contin\u00faa con la campa\u00f1a de acopio de \u00e1rboles navide\u00f1os. A<\/p>\n","protected":false},"author":2,"featured_media":45917,"comment_status":"open","ping_status":"closed","sticky":false,"template":"","format":"standard","meta":{"footnotes":""},"categories":[10],"tags":[],"class_list":{"0":"post-45916","1":"post","2":"type-post","3":"status-publish","4":"format-standard","5":"has-post-thumbnail","7":"category-hidalgo"},"_links":{"self":[{"href":"https:\/\/elreporterohgo.com\/noticias\/wp-json\/wp\/v2\/posts\/45916","targetHints":{"allow":["GET"]}}],"collection":[{"href":"https:\/\/elreporterohgo.com\/noticias\/wp-json\/wp\/v2\/posts"}],"about":[{"href":"https:\/\/elreporterohgo.com\/noticias\/wp-json\/wp\/v2\/types\/post"}],"author":[{"embeddable":true,"href":"https:\/\/elreporterohgo.com\/noticias\/wp-json\/wp\/v2\/users\/2"}],"replies":[{"embeddable":true,"href":"https:\/\/elreporterohgo.com\/noticias\/wp-json\/wp\/v2\/comments?post=45916"}],"version-history":[{"count":3,"href":"https:\/\/elreporterohgo.com\/noticias\/wp-json\/wp\/v2\/posts\/45916\/revisions"}],"predecessor-version":[{"id":45921,"href":"https:\/\/elreporterohgo.com\/noticias\/wp-json\/wp\/v2\/posts\/45916\/revisions\/45921"}],"wp:featuredmedia":[{"embeddable":true,"href":"https:\/\/elreporterohgo.com\/noticias\/wp-json\/wp\/v2\/media\/45917"}],"wp:attachment":[{"href":"https:\/\/elreporterohgo.com\/noticias\/wp-json\/wp\/v2\/media?parent=45916"}],"wp:term":[{"taxonomy":"category","embeddable":true,"href":"https:\/\/elreporterohgo.com\/noticias\/wp-json\/wp\/v2\/categories?post=45916"},{"taxonomy":"post_tag","embeddable":true,"href":"https:\/\/elreporterohgo.com\/noticias\/wp-json\/wp\/v2\/tags?post=45916"}],"curies":[{"name":"wp","href":"https:\/\/api.w.org\/{rel}","templated":true}]}}