{"id":45894,"date":"2022-01-25T14:35:05","date_gmt":"2022-01-25T20:35:05","guid":{"rendered":"https:\/\/elreporterohgo.com\/noticias\/?p=45894"},"modified":"2022-01-25T14:35:06","modified_gmt":"2022-01-25T20:35:06","slug":"capturan-a-individuos-con-cargamento-de-droga","status":"publish","type":"post","link":"https:\/\/elreporterohgo.com\/noticias\/2022\/01\/25\/capturan-a-individuos-con-cargamento-de-droga\/","title":{"rendered":"Capturan a individuos con cargamento de droga"},"content":{"rendered":"\n<figure class=\"wp-block-image\"><img fetchpriority=\"high\" decoding=\"async\" width=\"1024\" height=\"819\" src=\"https::\/\/elreporterohgo.com\/noticias\/wp-content\/uploads\/2022\/01\/94d6c753-ad1a-4cdc-be51-ed0cb513f948-2-1024x819.jpg\" alt=\"\" class=\"wp-image-45897\" srcset=\"https:\/\/elreporterohgo.com\/noticias\/wp-content\/uploads\/2022\/01\/94d6c753-ad1a-4cdc-be51-ed0cb513f948-2-1024x819.jpg 1024w, https:\/\/elreporterohgo.com\/noticias\/wp-content\/uploads\/2022\/01\/94d6c753-ad1a-4cdc-be51-ed0cb513f948-2-300x240.jpg 300w, https:\/\/elreporterohgo.com\/noticias\/wp-content\/uploads\/2022\/01\/94d6c753-ad1a-4cdc-be51-ed0cb513f948-2-768x614.jpg 768w, https:\/\/elreporterohgo.com\/noticias\/wp-content\/uploads\/2022\/01\/94d6c753-ad1a-4cdc-be51-ed0cb513f948-2.jpg 1280w\" sizes=\"(max-width: 1024px) 100vw, 1024px\" \/><\/figure>\n\n\n\n<figure class=\"wp-block-image\"><img decoding=\"async\" width=\"768\" height=\"1024\" src=\"https::\/\/elreporterohgo.com\/noticias\/wp-content\/uploads\/2022\/01\/ba5d789b-7f7f-4bf7-997a-ff45bf859323-768x1024.jpg\" alt=\"\" class=\"wp-image-45898\" srcset=\"https:\/\/elreporterohgo.com\/noticias\/wp-content\/uploads\/2022\/01\/ba5d789b-7f7f-4bf7-997a-ff45bf859323.jpg 768w, https:\/\/elreporterohgo.com\/noticias\/wp-content\/uploads\/2022\/01\/ba5d789b-7f7f-4bf7-997a-ff45bf859323-225x300.jpg 225w\" sizes=\"(max-width: 768px) 100vw, 768px\" \/><\/figure>\n\n\n\n<p>En acciones para el combate a la violencia y la delincuencia en la regi\u00f3n de Tula, la Secretar\u00eda de Seguridad P\u00fablica de Hidalgo realiz\u00f3 la detenci\u00f3n, en operativo, de dos individuos con aproximadamente 10 kilogramos de hierba verde con las caracter\u00edsticas de la marihuana y alrededor de 300 gramos de probable droga sint\u00e9tica conocida como cristal.<\/p>\n\n\n\n<p>Adem\u00e1s del producto ilegal, a las personas se les incaut\u00f3 un veh\u00edculo Seat, tipo Ibiza, color rojo, con placas de Hidalgo, luego de una persecuci\u00f3n en la que el conductor de la unidad perdi\u00f3 el control y termin\u00f3 por impactar contra un objeto fijo.<\/p>\n\n\n\n<p>Los hombres, intervenidos en la localidad de La Malinche en Tula, se identificaron como D.E.Q., de 18 a\u00f1os, y A.O.P., de 28, ambos originarios del mismo municipio, y quedaron a disposici\u00f3n de la Fiscal\u00eda General de la Rep\u00fablica en Tula para las investigaciones en consecuencia.<\/p>\n\n\n\n<p>La Secretar\u00eda de Seguridad P\u00fablica de Hidalgo reitera el llamado a la ciudadan\u00eda para contribuir con estas acciones, realizando reportes mediante el 911 de Emergencias y\/o al 089 para Denuncia An\u00f3nima.<\/p>\n","protected":false},"excerpt":{"rendered":"<p>En acciones para el combate a la violencia y la delincuencia en la regi\u00f3n de Tula, la Secretar\u00eda de Seguridad P\u00fablica de Hidalgo realiz\u00f3 la detenci\u00f3n, en operativo, de dos individuos con aproximadamente 10 kilogramos de hierba verde con las caracter\u00edsticas de la marihuana y alrededor de 300 gramos de probable droga sint\u00e9tica conocida como<\/p>\n","protected":false},"author":2,"featured_media":45897,"comment_status":"open","ping_status":"closed","sticky":false,"template":"","format":"standard","meta":{"footnotes":""},"categories":[10],"tags":[],"class_list":{"0":"post-45894","1":"post","2":"type-post","3":"status-publish","4":"format-standard","5":"has-post-thumbnail","7":"category-hidalgo"},"_links":{"self":[{"href":"https:\/\/elreporterohgo.com\/noticias\/wp-json\/wp\/v2\/posts\/45894","targetHints":{"allow":["GET"]}}],"collection":[{"href":"https:\/\/elreporterohgo.com\/noticias\/wp-json\/wp\/v2\/posts"}],"about":[{"href":"https:\/\/elreporterohgo.com\/noticias\/wp-json\/wp\/v2\/types\/post"}],"author":[{"embeddable":true,"href":"https:\/\/elreporterohgo.com\/noticias\/wp-json\/wp\/v2\/users\/2"}],"replies":[{"embeddable":true,"href":"https:\/\/elreporterohgo.com\/noticias\/wp-json\/wp\/v2\/comments?post=45894"}],"version-history":[{"count":1,"href":"https:\/\/elreporterohgo.com\/noticias\/wp-json\/wp\/v2\/posts\/45894\/revisions"}],"predecessor-version":[{"id":45899,"href":"https:\/\/elreporterohgo.com\/noticias\/wp-json\/wp\/v2\/posts\/45894\/revisions\/45899"}],"wp:featuredmedia":[{"embeddable":true,"href":"https:\/\/elreporterohgo.com\/noticias\/wp-json\/wp\/v2\/media\/45897"}],"wp:attachment":[{"href":"https:\/\/elreporterohgo.com\/noticias\/wp-json\/wp\/v2\/media?parent=45894"}],"wp:term":[{"taxonomy":"category","embeddable":true,"href":"https:\/\/elreporterohgo.com\/noticias\/wp-json\/wp\/v2\/categories?post=45894"},{"taxonomy":"post_tag","embeddable":true,"href":"https:\/\/elreporterohgo.com\/noticias\/wp-json\/wp\/v2\/tags?post=45894"}],"curies":[{"name":"wp","href":"https:\/\/api.w.org\/{rel}","templated":true}]}}